{"id":106,"date":"2018-12-22T09:21:54","date_gmt":"2018-12-22T09:21:54","guid":{"rendered":"http:\/\/umweltkids-bb.de\/?p=106"},"modified":"2018-12-22T09:21:54","modified_gmt":"2018-12-22T09:21:54","slug":"losgezogen","status":"publish","type":"post","link":"https:\/\/umweltkids-bb.de\/?p=106","title":{"rendered":"Losgezogen"},"content":{"rendered":"\n<p>Heute sind wir am ersten Ferientag mit dem vom <a href=\"https:\/\/umweltkids-bb.de\/?p=46\">B\u00fcrgermeister gespendeten M\u00fcllsammel-Set<\/a> losgezogen und haben im Wald hinter dem <a href=\"https:\/\/hohen-neuendorf.de\/de\/stadt-leben\/aktuelles\/zweiter-bauabschnitt-am-hdz-abgeschlossen\">HDZ <\/a> nach M\u00fcll Ausschau gehalten. Wir wurden leider auch wieder schnell f\u00fcndig, sodass wir schon nach wenigen Minuten den ersten Eimer voll hatten.<\/p>\n\n\n\n<figure class=\"wp-block-image\"><img data-recalc-dims=\"1\" height=\"683\" width=\"1024\" decoding=\"async\" data-attachment-id=\"107\" data-permalink=\"https:\/\/umweltkids-bb.de\/?attachment_id=107\" data-orig-file=\"https:\/\/i0.wp.com\/umweltkids-bb.de\/wp-content\/uploads\/2018\/12\/IMG_1064-1.jpg?fit=2592%2C1728&amp;ssl=1\" data-orig-size=\"2592,1728\" data-comments-opened=\"0\" data-image-meta=\"{&quot;aperture&quot;:&quot;5.6&quot;,&quot;credit&quot;:&quot;&quot;,&quot;camera&quot;:&quot;Canon EOS 1300D&quot;,&quot;caption&quot;:&quot;&quot;,&quot;created_timestamp&quot;:&quot;1545478756&quot;,&quot;copyright&quot;:&quot;&quot;,&quot;focal_length&quot;:&quot;49&quot;,&quot;iso&quot;:&quot;500&quot;,&quot;shutter_speed&quot;:&quot;0.016666666666667&quot;,&quot;title&quot;:&quot;&quot;,&quot;orientation&quot;:&quot;1&quot;}\" data-image-title=\"IMG_1064\" data-image-description=\"\" data-image-caption=\"\" data-medium-file=\"https:\/\/i0.wp.com\/umweltkids-bb.de\/wp-content\/uploads\/2018\/12\/IMG_1064-1.jpg?fit=300%2C200&amp;ssl=1\" data-large-file=\"https:\/\/i0.wp.com\/umweltkids-bb.de\/wp-content\/uploads\/2018\/12\/IMG_1064-1.jpg?fit=1024%2C683&amp;ssl=1\" src=\"https:\/\/i0.wp.com\/umweltkids-bb.de\/wp-content\/uploads\/2018\/12\/IMG_1064.jpg?resize=1024%2C683&#038;ssl=1\" alt=\"\" class=\"wp-image-107\"\/><\/figure>\n\n\n\n<figure class=\"wp-block-image\"><img data-recalc-dims=\"1\" height=\"683\" width=\"1024\" decoding=\"async\" data-attachment-id=\"108\" data-permalink=\"https:\/\/umweltkids-bb.de\/?attachment_id=108\" data-orig-file=\"https:\/\/i0.wp.com\/umweltkids-bb.de\/wp-content\/uploads\/2018\/12\/IMG_1068-1.jpg?fit=2592%2C1728&amp;ssl=1\" data-orig-size=\"2592,1728\" data-comments-opened=\"0\" data-image-meta=\"{&quot;aperture&quot;:&quot;5.6&quot;,&quot;credit&quot;:&quot;&quot;,&quot;camera&quot;:&quot;Canon EOS 1300D&quot;,&quot;caption&quot;:&quot;&quot;,&quot;created_timestamp&quot;:&quot;1545479183&quot;,&quot;copyright&quot;:&quot;&quot;,&quot;focal_length&quot;:&quot;55&quot;,&quot;iso&quot;:&quot;1000&quot;,&quot;shutter_speed&quot;:&quot;0.0125&quot;,&quot;title&quot;:&quot;&quot;,&quot;orientation&quot;:&quot;1&quot;}\" data-image-title=\"IMG_1068\" data-image-description=\"\" data-image-caption=\"\" data-medium-file=\"https:\/\/i0.wp.com\/umweltkids-bb.de\/wp-content\/uploads\/2018\/12\/IMG_1068-1.jpg?fit=300%2C200&amp;ssl=1\" data-large-file=\"https:\/\/i0.wp.com\/umweltkids-bb.de\/wp-content\/uploads\/2018\/12\/IMG_1068-1.jpg?fit=1024%2C683&amp;ssl=1\" src=\"https:\/\/i0.wp.com\/umweltkids-bb.de\/wp-content\/uploads\/2018\/12\/IMG_1068.jpg?resize=1024%2C683&#038;ssl=1\" alt=\"\" class=\"wp-image-108\"\/><\/figure>\n","protected":false},"excerpt":{"rendered":"<p>Heute sind wir am ersten Ferientag mit dem vom B\u00fcrgermeister gespendeten M\u00fcllsammel-Set losgezogen und haben im Wald hinter dem HDZ nach M\u00fcll Ausschau gehalten. Wir wurden leider auch wieder schnell f\u00fcndig, sodass wir schon nach wenigen Minuten den ersten Eimer voll hatten.<\/p>\n","protected":false},"author":1,"featured_media":109,"comment_status":"closed","ping_status":"open","sticky":false,"template":"","format":"standard","meta":{"_jetpack_memberships_contains_paid_content":false,"footnotes":""},"categories":[2],"tags":[7,10,12,15,16,23,32],"class_list":["post-106","post","type-post","status-publish","format-standard","has-post-thumbnail","hentry","category-aktionen","tag-buergermeister-apelt","tag-hdz","tag-hohen-neuendorf","tag-muell","tag-muell-sammeln","tag-plastik","tag-wald"],"jetpack_featured_media_url":"https:\/\/i0.wp.com\/umweltkids-bb.de\/wp-content\/uploads\/2018\/12\/IMG_1063-e1546119121880-1.jpg?fit=1024%2C683&ssl=1","jetpack_shortlink":"https:\/\/wp.me\/paIICq-1I","jetpack-related-posts":[],"jetpack_sharing_enabled":true,"_links":{"self":[{"href":"https:\/\/umweltkids-bb.de\/index.php?rest_route=\/wp\/v2\/posts\/106"}],"collection":[{"href":"https:\/\/umweltkids-bb.de\/index.php?rest_route=\/wp\/v2\/posts"}],"about":[{"href":"https:\/\/umweltkids-bb.de\/index.php?rest_route=\/wp\/v2\/types\/post"}],"author":[{"embeddable":true,"href":"https:\/\/umweltkids-bb.de\/index.php?rest_route=\/wp\/v2\/users\/1"}],"replies":[{"embeddable":true,"href":"https:\/\/umweltkids-bb.de\/index.php?rest_route=%2Fwp%2Fv2%2Fcomments&post=106"}],"version-history":[{"count":0,"href":"https:\/\/umweltkids-bb.de\/index.php?rest_route=\/wp\/v2\/posts\/106\/revisions"}],"wp:featuredmedia":[{"embeddable":true,"href":"https:\/\/umweltkids-bb.de\/index.php?rest_route=\/wp\/v2\/media\/109"}],"wp:attachment":[{"href":"https:\/\/umweltkids-bb.de\/index.php?rest_route=%2Fwp%2Fv2%2Fmedia&parent=106"}],"wp:term":[{"taxonomy":"category","embeddable":true,"href":"https:\/\/umweltkids-bb.de\/index.php?rest_route=%2Fwp%2Fv2%2Fcategories&post=106"},{"taxonomy":"post_tag","embeddable":true,"href":"https:\/\/umweltkids-bb.de\/index.php?rest_route=%2Fwp%2Fv2%2Ftags&post=106"}],"curies":[{"name":"wp","href":"https:\/\/api.w.org\/{rel}","templated":true}]}}