{"id":131,"date":"2019-01-05T16:50:29","date_gmt":"2019-01-05T16:50:29","guid":{"rendered":"https:\/\/umweltkids-bb.de\/?p=131"},"modified":"2019-01-05T16:50:29","modified_gmt":"2019-01-05T16:50:29","slug":"1-treffen-umweltkids","status":"publish","type":"post","link":"https:\/\/umweltkids-bb.de\/?p=131","title":{"rendered":"1. Treffen Umweltkids"},"content":{"rendered":"\n<p>Wir waren sehr fasziniert, dass so viele Kinder und Erwachsene heute mitgemacht haben.<\/p>\n\n\n\n<p style=\"text-align:center\"><strong>Vielen Dank an alle !<\/strong><\/p>\n\n\n\n<p>Wir sind kurz nach 10 Uhr, ausgestattet mit Handschuhen und M\u00fcllbeuteln, in den Wald gestartet.<\/p>\n\n\n\n<figure class=\"wp-block-image\"><img data-recalc-dims=\"1\" height=\"683\" width=\"1024\" decoding=\"async\" data-attachment-id=\"132\" data-permalink=\"https:\/\/umweltkids-bb.de\/?attachment_id=132\" data-orig-file=\"https:\/\/i0.wp.com\/umweltkids-bb.de\/wp-content\/uploads\/2019\/01\/IMG_9124-1-1-1.jpg?fit=2592%2C1728&amp;ssl=1\" data-orig-size=\"2592,1728\" data-comments-opened=\"0\" data-image-meta=\"{&quot;aperture&quot;:&quot;5.6&quot;,&quot;credit&quot;:&quot;&quot;,&quot;camera&quot;:&quot;Canon EOS 1300D&quot;,&quot;caption&quot;:&quot;&quot;,&quot;created_timestamp&quot;:&quot;1546686607&quot;,&quot;copyright&quot;:&quot;&quot;,&quot;focal_length&quot;:&quot;55&quot;,&quot;iso&quot;:&quot;100&quot;,&quot;shutter_speed&quot;:&quot;0.008&quot;,&quot;title&quot;:&quot;&quot;,&quot;orientation&quot;:&quot;1&quot;}\" data-image-title=\"IMG_9124-1\" data-image-description=\"\" data-image-caption=\"\" data-medium-file=\"https:\/\/i0.wp.com\/umweltkids-bb.de\/wp-content\/uploads\/2019\/01\/IMG_9124-1-1-1.jpg?fit=300%2C200&amp;ssl=1\" data-large-file=\"https:\/\/i0.wp.com\/umweltkids-bb.de\/wp-content\/uploads\/2019\/01\/IMG_9124-1-1-1.jpg?fit=1024%2C683&amp;ssl=1\" src=\"https:\/\/i0.wp.com\/umweltkids-bb.de\/wp-content\/uploads\/2019\/01\/IMG_9124-1-1.jpg?resize=1024%2C683&#038;ssl=1\" alt=\"\" class=\"wp-image-132\"\/><\/figure>\n\n\n\n<p>Wir sind eine kleine Runde im Wald (Bergfelde) hinter dem HDZ gelaufen und haben eine Menge M\u00fcll eingesammelt.<\/p>\n\n\n\n<figure class=\"wp-block-image\"><img data-recalc-dims=\"1\" height=\"683\" width=\"1024\" decoding=\"async\" data-attachment-id=\"133\" data-permalink=\"https:\/\/umweltkids-bb.de\/?attachment_id=133\" data-orig-file=\"https:\/\/i0.wp.com\/umweltkids-bb.de\/wp-content\/uploads\/2019\/01\/IMG_9130-1-1-e1551010581522.jpg?fit=240%2C160&amp;ssl=1\" data-orig-size=\"240,160\" data-comments-opened=\"0\" data-image-meta=\"{&quot;aperture&quot;:&quot;3.5&quot;,&quot;credit&quot;:&quot;&quot;,&quot;camera&quot;:&quot;Canon EOS 1300D&quot;,&quot;caption&quot;:&quot;&quot;,&quot;created_timestamp&quot;:&quot;1546690610&quot;,&quot;copyright&quot;:&quot;&quot;,&quot;focal_length&quot;:&quot;18&quot;,&quot;iso&quot;:&quot;100&quot;,&quot;shutter_speed&quot;:&quot;0.008&quot;,&quot;title&quot;:&quot;&quot;,&quot;orientation&quot;:&quot;1&quot;}\" data-image-title=\"IMG_9130\" data-image-description=\"\" data-image-caption=\"\" data-medium-file=\"https:\/\/i0.wp.com\/umweltkids-bb.de\/wp-content\/uploads\/2019\/01\/IMG_9130-1-1-e1551010581522.jpg?fit=300%2C200&amp;ssl=1\" data-large-file=\"https:\/\/i0.wp.com\/umweltkids-bb.de\/wp-content\/uploads\/2019\/01\/IMG_9130-1-1-e1551010581522.jpg?fit=1024%2C683&amp;ssl=1\" src=\"https:\/\/i0.wp.com\/umweltkids-bb.de\/wp-content\/uploads\/2019\/01\/IMG_9130-1.jpg?resize=1024%2C683&#038;ssl=1\" alt=\"\" class=\"wp-image-133\"\/><\/figure>\n\n\n\n<p>Es hat gro\u00dfen Spa\u00df gemacht und wir haben viele nette Menschen kennengelernt und wir freuen uns auf das n\u00e4chste Treffen.<\/p>\n","protected":false},"excerpt":{"rendered":"<p>Wir waren sehr fasziniert, dass so viele Kinder und Erwachsene heute mitgemacht haben. Vielen Dank an alle ! Wir sind kurz nach 10 Uhr, ausgestattet mit Handschuhen und M\u00fcllbeuteln, in den Wald gestartet. Wir sind eine kleine Runde im Wald (Bergfelde) hinter dem HDZ gelaufen und haben eine Menge M\u00fcll eingesammelt. Es hat gro\u00dfen Spa\u00df [&hellip;]<\/p>\n","protected":false},"author":1,"featured_media":134,"comment_status":"open","ping_status":"open","sticky":false,"template":"","format":"standard","meta":{"_jetpack_memberships_contains_paid_content":false,"footnotes":""},"categories":[2],"tags":[5,10,16,17,29],"class_list":["post-131","post","type-post","status-publish","format-standard","has-post-thumbnail","hentry","category-aktionen","tag-bergfelde","tag-hdz","tag-muell-sammeln","tag-natur","tag-umweltkids"],"jetpack_featured_media_url":"https:\/\/i0.wp.com\/umweltkids-bb.de\/wp-content\/uploads\/2019\/01\/IMG_9126-1-1-1.jpg?fit=2592%2C1728&ssl=1","jetpack_shortlink":"https:\/\/wp.me\/paIICq-27","jetpack-related-posts":[],"jetpack_sharing_enabled":true,"_links":{"self":[{"href":"https:\/\/umweltkids-bb.de\/index.php?rest_route=\/wp\/v2\/posts\/131"}],"collection":[{"href":"https:\/\/umweltkids-bb.de\/index.php?rest_route=\/wp\/v2\/posts"}],"about":[{"href":"https:\/\/umweltkids-bb.de\/index.php?rest_route=\/wp\/v2\/types\/post"}],"author":[{"embeddable":true,"href":"https:\/\/umweltkids-bb.de\/index.php?rest_route=\/wp\/v2\/users\/1"}],"replies":[{"embeddable":true,"href":"https:\/\/umweltkids-bb.de\/index.php?rest_route=%2Fwp%2Fv2%2Fcomments&post=131"}],"version-history":[{"count":0,"href":"https:\/\/umweltkids-bb.de\/index.php?rest_route=\/wp\/v2\/posts\/131\/revisions"}],"wp:featuredmedia":[{"embeddable":true,"href":"https:\/\/umweltkids-bb.de\/index.php?rest_route=\/wp\/v2\/media\/134"}],"wp:attachment":[{"href":"https:\/\/umweltkids-bb.de\/index.php?rest_route=%2Fwp%2Fv2%2Fmedia&parent=131"}],"wp:term":[{"taxonomy":"category","embeddable":true,"href":"https:\/\/umweltkids-bb.de\/index.php?rest_route=%2Fwp%2Fv2%2Fcategories&post=131"},{"taxonomy":"post_tag","embeddable":true,"href":"https:\/\/umweltkids-bb.de\/index.php?rest_route=%2Fwp%2Fv2%2Ftags&post=131"}],"curies":[{"name":"wp","href":"https:\/\/api.w.org\/{rel}","templated":true}]}}