{"id":142,"date":"2019-01-19T16:09:15","date_gmt":"2019-01-19T16:09:15","guid":{"rendered":"https:\/\/umweltkids-bb.de\/?p=142"},"modified":"2019-05-21T19:24:03","modified_gmt":"2019-05-21T19:24:03","slug":"nachhaltige-ernaehrung-ist-umweltschutz","status":"publish","type":"post","link":"https:\/\/umweltkids-bb.de\/?p=142","title":{"rendered":"Wir haben es auch satt!"},"content":{"rendered":"\n<p>Wir Umweltkids sind am Samstag bei der Demonstration &#8222;Wir haben es satt!&#8220; mitgelaufen, um f\u00fcr gute Landwirtschaft, bessere Tierhaltung und f\u00fcr besseres Essen zu demonstrieren.<\/p>\n\n\n\n<figure class=\"wp-block-image is-resized\"><img data-recalc-dims=\"1\" loading=\"lazy\" decoding=\"async\" data-attachment-id=\"145\" data-permalink=\"https:\/\/umweltkids-bb.de\/?attachment_id=145\" data-orig-file=\"https:\/\/i0.wp.com\/umweltkids-bb.de\/wp-content\/uploads\/2019\/01\/IMG_0035-1-1-e1558466390702.jpg?fit=420%2C560&amp;ssl=1\" data-orig-size=\"420,560\" data-comments-opened=\"0\" data-image-meta=\"{&quot;aperture&quot;:&quot;2.2&quot;,&quot;credit&quot;:&quot;&quot;,&quot;camera&quot;:&quot;iPhone 5s&quot;,&quot;caption&quot;:&quot;&quot;,&quot;created_timestamp&quot;:&quot;1547906723&quot;,&quot;copyright&quot;:&quot;&quot;,&quot;focal_length&quot;:&quot;4.15&quot;,&quot;iso&quot;:&quot;32&quot;,&quot;shutter_speed&quot;:&quot;0.0051282051282051&quot;,&quot;title&quot;:&quot;&quot;,&quot;orientation&quot;:&quot;1&quot;}\" data-image-title=\"IMG_0035\" data-image-description=\"\" data-image-caption=\"\" data-medium-file=\"https:\/\/i0.wp.com\/umweltkids-bb.de\/wp-content\/uploads\/2019\/01\/IMG_0035-1-1-e1558466390702.jpg?fit=225%2C300&amp;ssl=1\" data-large-file=\"https:\/\/i0.wp.com\/umweltkids-bb.de\/wp-content\/uploads\/2019\/01\/IMG_0035-1-1-e1558466390702.jpg?fit=768%2C1024&amp;ssl=1\" src=\"https:\/\/i0.wp.com\/umweltkids-bb.de\/wp-content\/uploads\/2019\/01\/IMG_0035-1-1.jpg?resize=384%2C512&#038;ssl=1\" alt=\"\" class=\"wp-image-145\" width=\"384\" height=\"512\"\/><\/figure>\n\n\n\n<p>Mit Topf und Kochl\u00f6ffel sind wir losgelaufen, um  ordentlich L\u00e4rm zu machen.<\/p>\n","protected":false},"excerpt":{"rendered":"<p>Wir Umweltkids sind am Samstag bei der Demonstration &#8222;Wir haben es satt!&#8220; mitgelaufen, um f\u00fcr gute Landwirtschaft, bessere Tierhaltung und f\u00fcr besseres Essen zu demonstrieren. Mit Topf und Kochl\u00f6ffel sind wir losgelaufen, um ordentlich L\u00e4rm zu machen.<\/p>\n","protected":false},"author":1,"featured_media":154,"comment_status":"closed","ping_status":"open","sticky":false,"template":"","format":"standard","meta":{"_jetpack_memberships_contains_paid_content":false,"footnotes":""},"categories":[2],"tags":[6,8,20,26,30,33],"class_list":["post-142","post","type-post","status-publish","format-standard","has-post-thumbnail","hentry","category-aktionen","tag-brandenburger-tor","tag-demo","tag-oekologische-landwirtschaft","tag-tierschutz","tag-umweltschutz","tag-wir-haben-es-satt"],"jetpack_featured_media_url":"https:\/\/i0.wp.com\/umweltkids-bb.de\/wp-content\/uploads\/2019\/01\/IMG_0021-2-e1558466191860.jpg?fit=420%2C560&ssl=1","jetpack_shortlink":"https:\/\/wp.me\/paIICq-2i","jetpack-related-posts":[],"jetpack_sharing_enabled":true,"_links":{"self":[{"href":"https:\/\/umweltkids-bb.de\/index.php?rest_route=\/wp\/v2\/posts\/142"}],"collection":[{"href":"https:\/\/umweltkids-bb.de\/index.php?rest_route=\/wp\/v2\/posts"}],"about":[{"href":"https:\/\/umweltkids-bb.de\/index.php?rest_route=\/wp\/v2\/types\/post"}],"author":[{"embeddable":true,"href":"https:\/\/umweltkids-bb.de\/index.php?rest_route=\/wp\/v2\/users\/1"}],"replies":[{"embeddable":true,"href":"https:\/\/umweltkids-bb.de\/index.php?rest_route=%2Fwp%2Fv2%2Fcomments&post=142"}],"version-history":[{"count":3,"href":"https:\/\/umweltkids-bb.de\/index.php?rest_route=\/wp\/v2\/posts\/142\/revisions"}],"predecessor-version":[{"id":425,"href":"https:\/\/umweltkids-bb.de\/index.php?rest_route=\/wp\/v2\/posts\/142\/revisions\/425"}],"wp:featuredmedia":[{"embeddable":true,"href":"https:\/\/umweltkids-bb.de\/index.php?rest_route=\/wp\/v2\/media\/154"}],"wp:attachment":[{"href":"https:\/\/umweltkids-bb.de\/index.php?rest_route=%2Fwp%2Fv2%2Fmedia&parent=142"}],"wp:term":[{"taxonomy":"category","embeddable":true,"href":"https:\/\/umweltkids-bb.de\/index.php?rest_route=%2Fwp%2Fv2%2Fcategories&post=142"},{"taxonomy":"post_tag","embeddable":true,"href":"https:\/\/umweltkids-bb.de\/index.php?rest_route=%2Fwp%2Fv2%2Ftags&post=142"}],"curies":[{"name":"wp","href":"https:\/\/api.w.org\/{rel}","templated":true}]}}