{"id":21,"date":"2018-12-12T14:52:38","date_gmt":"2018-12-12T14:52:38","guid":{"rendered":"http:\/\/umweltkids-bb.de\/?p=21"},"modified":"2018-12-12T14:52:38","modified_gmt":"2018-12-12T14:52:38","slug":"erstes-treffen-05-januar-2019","status":"publish","type":"post","link":"https:\/\/umweltkids-bb.de\/?p=21","title":{"rendered":"Erstes Treffen 05.Januar 2019"},"content":{"rendered":"\n<p>Hallo Kinder!<\/p>\n\n\n\n<p>Wir sind Yannic und Jakob und m\u00f6chten eine Umweltgruppe in Hohen Neuendorf gr\u00fcnden. Yannic 10 Jahre,Botschafter f\u00fcr Klimagerechtigkeit von Plant-for-the-Planet, Jakob 9 Jahre und Mitgliedbeim NABU. <\/p>\n\n\n\n<p>Wir m\u00f6chten gerne mit euch einmal im Monat im Wald M\u00fcll einsammeln und viele andere Projekte f\u00fcr die Umwelt machen wie z. B. Nistk\u00e4sten bauen, Pflanzaktionen und vieles mehr. <\/p>\n\n\n\n<p>Wer hat Lust, bei unserer\nUmweltgruppe in Hohen Neuendorf mitzumachen? Dann kommt ab Januar einfach zum\nTreffpunkt. <\/p>\n\n\n\n<p><strong>Erstes Treffen am 05.01.2019. <\/strong><\/p>\n\n\n\n<p>Treffpunkt: Jeden 1. Samstag im\nMonat um 10 Uhr an der Tischtennisplatte Sch\u00f6nflie\u00dfer Str. gegen\u00fcber vom\nREWE-Markt.<\/p>\n\n\n\n<p><strong>Wir freuen uns auf euch und eure Ideen. <\/strong><br><strong>Wenn ihr Fragen habt, schreibt uns: <\/strong>umweltkids-bb@posteo.de<br><\/p>\n","protected":false},"excerpt":{"rendered":"<p>Hallo Kinder! Wir sind Yannic und Jakob und m\u00f6chten eine Umweltgruppe in Hohen Neuendorf gr\u00fcnden. Yannic 10 Jahre,Botschafter f\u00fcr Klimagerechtigkeit von Plant-for-the-Planet, Jakob 9 Jahre und Mitgliedbeim NABU. Wir m\u00f6chten gerne mit euch einmal im Monat im Wald M\u00fcll einsammeln und viele andere Projekte f\u00fcr die Umwelt machen wie z. B. Nistk\u00e4sten bauen, Pflanzaktionen und [&hellip;]<\/p>\n","protected":false},"author":1,"featured_media":80,"comment_status":"closed","ping_status":"closed","sticky":false,"template":"","format":"standard","meta":{"_jetpack_memberships_contains_paid_content":false,"footnotes":""},"categories":[4],"tags":[12,16,17,27,29,32],"class_list":["post-21","post","type-post","status-publish","format-standard","has-post-thumbnail","hentry","category-termine","tag-hohen-neuendorf","tag-muell-sammeln","tag-natur","tag-umwelt","tag-umweltkids","tag-wald"],"jetpack_featured_media_url":"https:\/\/i0.wp.com\/umweltkids-bb.de\/wp-content\/uploads\/2018\/12\/Treffpunkt-1.jpg?fit=849%2C819&ssl=1","jetpack_shortlink":"https:\/\/wp.me\/paIICq-l","jetpack-related-posts":[],"jetpack_sharing_enabled":true,"_links":{"self":[{"href":"https:\/\/umweltkids-bb.de\/index.php?rest_route=\/wp\/v2\/posts\/21"}],"collection":[{"href":"https:\/\/umweltkids-bb.de\/index.php?rest_route=\/wp\/v2\/posts"}],"about":[{"href":"https:\/\/umweltkids-bb.de\/index.php?rest_route=\/wp\/v2\/types\/post"}],"author":[{"embeddable":true,"href":"https:\/\/umweltkids-bb.de\/index.php?rest_route=\/wp\/v2\/users\/1"}],"replies":[{"embeddable":true,"href":"https:\/\/umweltkids-bb.de\/index.php?rest_route=%2Fwp%2Fv2%2Fcomments&post=21"}],"version-history":[{"count":0,"href":"https:\/\/umweltkids-bb.de\/index.php?rest_route=\/wp\/v2\/posts\/21\/revisions"}],"wp:featuredmedia":[{"embeddable":true,"href":"https:\/\/umweltkids-bb.de\/index.php?rest_route=\/wp\/v2\/media\/80"}],"wp:attachment":[{"href":"https:\/\/umweltkids-bb.de\/index.php?rest_route=%2Fwp%2Fv2%2Fmedia&parent=21"}],"wp:term":[{"taxonomy":"category","embeddable":true,"href":"https:\/\/umweltkids-bb.de\/index.php?rest_route=%2Fwp%2Fv2%2Fcategories&post=21"},{"taxonomy":"post_tag","embeddable":true,"href":"https:\/\/umweltkids-bb.de\/index.php?rest_route=%2Fwp%2Fv2%2Ftags&post=21"}],"curies":[{"name":"wp","href":"https:\/\/api.w.org\/{rel}","templated":true}]}}