{"id":264,"date":"2019-02-17T11:27:07","date_gmt":"2019-02-17T11:27:07","guid":{"rendered":"https:\/\/umweltkids-bb.de\/?p=264"},"modified":"2019-05-21T16:27:58","modified_gmt":"2019-05-21T16:27:58","slug":"umweltaktionstag-mit-dem-sdw","status":"publish","type":"post","link":"https:\/\/umweltkids-bb.de\/?p=264","title":{"rendered":"Umweltaktionstag mit dem SDW"},"content":{"rendered":"\n<p>Wir haben am Naturschutzturm Nistk\u00e4sten f\u00fcr Flederm\u00e4use und\nV\u00f6gel gebaut und wir hatten super Wetter dazu. <\/p>\n\n\n\n<p>Danach haben wir geeignete B\u00e4ume gesucht und sie in drei Metern\nH\u00f6he aufgehangen.<\/p>\n\n\n\n<p>Zur St\u00e4rkung gab es Bratw\u00fcrste und Gulasch.<\/p>\n\n\n\n<p>Danke an alle die da waren und vielen Dank an die Schutzgemeinschaft\nDeutscher Wald f\u00fcr den tollen Tag!<\/p>\n\n\n\n<p>Yannic von den Umweltkids<\/p>\n\n\n\n<ul class=\"wp-block-gallery columns-3 is-cropped wp-block-gallery-1 is-layout-flex wp-block-gallery-is-layout-flex\"><li class=\"blocks-gallery-item\"><figure><img data-recalc-dims=\"1\" loading=\"lazy\" decoding=\"async\" width=\"480\" height=\"640\" data-attachment-id=\"270\" data-permalink=\"https:\/\/umweltkids-bb.de\/?attachment_id=270\" data-orig-file=\"https:\/\/i0.wp.com\/umweltkids-bb.de\/wp-content\/uploads\/2019\/02\/IMG_1508.jpg?fit=480%2C640&amp;ssl=1\" data-orig-size=\"480,640\" data-comments-opened=\"1\" data-image-meta=\"{&quot;aperture&quot;:&quot;2.2&quot;,&quot;credit&quot;:&quot;&quot;,&quot;camera&quot;:&quot;iPhone 5s&quot;,&quot;caption&quot;:&quot;&quot;,&quot;created_timestamp&quot;:&quot;1550310201&quot;,&quot;copyright&quot;:&quot;&quot;,&quot;focal_length&quot;:&quot;4.15&quot;,&quot;iso&quot;:&quot;32&quot;,&quot;shutter_speed&quot;:&quot;0.0008952551477171&quot;,&quot;title&quot;:&quot;&quot;,&quot;orientation&quot;:&quot;1&quot;}\" data-image-title=\"IMG_1508\" data-image-description=\"\" data-image-caption=\"\" data-medium-file=\"https:\/\/i0.wp.com\/umweltkids-bb.de\/wp-content\/uploads\/2019\/02\/IMG_1508.jpg?fit=225%2C300&amp;ssl=1\" data-large-file=\"https:\/\/i0.wp.com\/umweltkids-bb.de\/wp-content\/uploads\/2019\/02\/IMG_1508.jpg?fit=480%2C640&amp;ssl=1\" src=\"https:\/\/i0.wp.com\/umweltkids-bb.de\/wp-content\/uploads\/2019\/02\/IMG_1508.jpg?resize=480%2C640&#038;ssl=1\" alt=\"\" data-id=\"270\" data-link=\"https:\/\/umweltkids-bb.de\/?attachment_id=270\" class=\"wp-image-270\" srcset=\"https:\/\/i0.wp.com\/umweltkids-bb.de\/wp-content\/uploads\/2019\/02\/IMG_1508.jpg?w=480&amp;ssl=1 480w, https:\/\/i0.wp.com\/umweltkids-bb.de\/wp-content\/uploads\/2019\/02\/IMG_1508.jpg?resize=225%2C300&amp;ssl=1 225w\" sizes=\"(max-width: 480px) 100vw, 480px\" \/><\/figure><\/li><li class=\"blocks-gallery-item\"><figure><img data-recalc-dims=\"1\" loading=\"lazy\" decoding=\"async\" width=\"480\" height=\"640\" data-attachment-id=\"271\" data-permalink=\"https:\/\/umweltkids-bb.de\/?attachment_id=271\" data-orig-file=\"https:\/\/i0.wp.com\/umweltkids-bb.de\/wp-content\/uploads\/2019\/02\/IMG_1517.jpg?fit=480%2C640&amp;ssl=1\" data-orig-size=\"480,640\" data-comments-opened=\"1\" data-image-meta=\"{&quot;aperture&quot;:&quot;2.2&quot;,&quot;credit&quot;:&quot;&quot;,&quot;camera&quot;:&quot;iPhone 5s&quot;,&quot;caption&quot;:&quot;&quot;,&quot;created_timestamp&quot;:&quot;1550318039&quot;,&quot;copyright&quot;:&quot;&quot;,&quot;focal_length&quot;:&quot;4.15&quot;,&quot;iso&quot;:&quot;32&quot;,&quot;shutter_speed&quot;:&quot;0.0024154589371981&quot;,&quot;title&quot;:&quot;&quot;,&quot;orientation&quot;:&quot;1&quot;}\" data-image-title=\"IMG_1517\" data-image-description=\"\" data-image-caption=\"\" data-medium-file=\"https:\/\/i0.wp.com\/umweltkids-bb.de\/wp-content\/uploads\/2019\/02\/IMG_1517.jpg?fit=225%2C300&amp;ssl=1\" data-large-file=\"https:\/\/i0.wp.com\/umweltkids-bb.de\/wp-content\/uploads\/2019\/02\/IMG_1517.jpg?fit=480%2C640&amp;ssl=1\" src=\"https:\/\/i0.wp.com\/umweltkids-bb.de\/wp-content\/uploads\/2019\/02\/IMG_1517.jpg?resize=480%2C640&#038;ssl=1\" alt=\"\" data-id=\"271\" data-link=\"https:\/\/umweltkids-bb.de\/?attachment_id=271\" class=\"wp-image-271\" srcset=\"https:\/\/i0.wp.com\/umweltkids-bb.de\/wp-content\/uploads\/2019\/02\/IMG_1517.jpg?w=480&amp;ssl=1 480w, https:\/\/i0.wp.com\/umweltkids-bb.de\/wp-content\/uploads\/2019\/02\/IMG_1517.jpg?resize=225%2C300&amp;ssl=1 225w\" sizes=\"(max-width: 480px) 100vw, 480px\" \/><\/figure><\/li><li class=\"blocks-gallery-item\"><figure><img data-recalc-dims=\"1\" decoding=\"async\" data-attachment-id=\"273\" data-permalink=\"https:\/\/umweltkids-bb.de\/?attachment_id=273\" data-orig-file=\"https:\/\/i0.wp.com\/umweltkids-bb.de\/wp-content\/uploads\/2019\/02\/IMG_1506-2-e1550402808393.jpg?fit=240%2C320&amp;ssl=1\" data-orig-size=\"240,320\" data-comments-opened=\"1\" data-image-meta=\"{&quot;aperture&quot;:&quot;2.2&quot;,&quot;credit&quot;:&quot;&quot;,&quot;camera&quot;:&quot;iPhone 5s&quot;,&quot;caption&quot;:&quot;&quot;,&quot;created_timestamp&quot;:&quot;1550310184&quot;,&quot;copyright&quot;:&quot;&quot;,&quot;focal_length&quot;:&quot;4.15&quot;,&quot;iso&quot;:&quot;32&quot;,&quot;shutter_speed&quot;:&quot;0.00063291139240506&quot;,&quot;title&quot;:&quot;&quot;,&quot;orientation&quot;:&quot;1&quot;}\" data-image-title=\"IMG_1506\" data-image-description=\"\" data-image-caption=\"\" data-medium-file=\"https:\/\/i0.wp.com\/umweltkids-bb.de\/wp-content\/uploads\/2019\/02\/IMG_1506-2-e1550402808393.jpg?fit=225%2C300&amp;ssl=1\" data-large-file=\"https:\/\/i0.wp.com\/umweltkids-bb.de\/wp-content\/uploads\/2019\/02\/IMG_1506-2-e1550402808393.jpg?fit=240%2C320&amp;ssl=1\" src=\"https:\/\/i0.wp.com\/umweltkids-bb.de\/wp-content\/uploads\/2019\/02\/IMG_1506-2.jpg?ssl=1\" alt=\"\" data-id=\"273\" data-link=\"https:\/\/umweltkids-bb.de\/?attachment_id=273\" class=\"wp-image-273\"\/><\/figure><\/li><\/ul>\n","protected":false},"excerpt":{"rendered":"<p>Wir haben am Naturschutzturm Nistk\u00e4sten f\u00fcr Flederm\u00e4use und V\u00f6gel gebaut und wir hatten super Wetter dazu. Danach haben wir geeignete B\u00e4ume gesucht und sie in drei Metern H\u00f6he aufgehangen. Zur St\u00e4rkung gab es Bratw\u00fcrste und Gulasch. Danke an alle die da waren und vielen Dank an die Schutzgemeinschaft Deutscher Wald f\u00fcr den tollen Tag! Yannic [&hellip;]<\/p>\n","protected":false},"author":1,"featured_media":273,"comment_status":"closed","ping_status":"open","sticky":false,"template":"","format":"standard","meta":{"_jetpack_memberships_contains_paid_content":false,"footnotes":""},"categories":[2,4],"tags":[11,12,38,18,19,39,24,25,28,29,30],"class_list":["post-264","post","type-post","status-publish","format-standard","has-post-thumbnail","hentry","category-aktionen","category-termine","tag-herthamoor","tag-hohen-neuendorf","tag-naturschutz","tag-naturschutzturm","tag-nistkaesten","tag-oberhavel","tag-schutzgemeinschaft-deutscher-wald","tag-sdw","tag-umweltaktion","tag-umweltkids","tag-umweltschutz"],"jetpack_featured_media_url":"https:\/\/i0.wp.com\/umweltkids-bb.de\/wp-content\/uploads\/2019\/02\/IMG_1506-2-e1550402808393.jpg?fit=240%2C320&ssl=1","jetpack_shortlink":"https:\/\/wp.me\/paIICq-4g","jetpack-related-posts":[],"jetpack_sharing_enabled":true,"_links":{"self":[{"href":"https:\/\/umweltkids-bb.de\/index.php?rest_route=\/wp\/v2\/posts\/264"}],"collection":[{"href":"https:\/\/umweltkids-bb.de\/index.php?rest_route=\/wp\/v2\/posts"}],"about":[{"href":"https:\/\/umweltkids-bb.de\/index.php?rest_route=\/wp\/v2\/types\/post"}],"author":[{"embeddable":true,"href":"https:\/\/umweltkids-bb.de\/index.php?rest_route=\/wp\/v2\/users\/1"}],"replies":[{"embeddable":true,"href":"https:\/\/umweltkids-bb.de\/index.php?rest_route=%2Fwp%2Fv2%2Fcomments&post=264"}],"version-history":[{"count":5,"href":"https:\/\/umweltkids-bb.de\/index.php?rest_route=\/wp\/v2\/posts\/264\/revisions"}],"predecessor-version":[{"id":274,"href":"https:\/\/umweltkids-bb.de\/index.php?rest_route=\/wp\/v2\/posts\/264\/revisions\/274"}],"wp:featuredmedia":[{"embeddable":true,"href":"https:\/\/umweltkids-bb.de\/index.php?rest_route=\/wp\/v2\/media\/273"}],"wp:attachment":[{"href":"https:\/\/umweltkids-bb.de\/index.php?rest_route=%2Fwp%2Fv2%2Fmedia&parent=264"}],"wp:term":[{"taxonomy":"category","embeddable":true,"href":"https:\/\/umweltkids-bb.de\/index.php?rest_route=%2Fwp%2Fv2%2Fcategories&post=264"},{"taxonomy":"post_tag","embeddable":true,"href":"https:\/\/umweltkids-bb.de\/index.php?rest_route=%2Fwp%2Fv2%2Ftags&post=264"}],"curies":[{"name":"wp","href":"https:\/\/api.w.org\/{rel}","templated":true}]}}