{"id":292,"date":"2019-03-03T12:28:39","date_gmt":"2019-03-03T12:28:39","guid":{"rendered":"https:\/\/umweltkids-bb.de\/?p=292"},"modified":"2019-05-21T16:27:57","modified_gmt":"2019-05-21T16:27:57","slug":"unser-4-treffen","status":"publish","type":"post","link":"https:\/\/umweltkids-bb.de\/?p=292","title":{"rendered":"Unser 4. Treffen"},"content":{"rendered":"\n<p>Am Samstag, den 2.M\u00e4rz haben wir zwischen der Einfahrt vom L\u00e4rchenweg und dem Seniorenheim M\u00fcll eingesammelt. Danach sind wir in den Wachholderweg eingebogen und haben auch dort M\u00fcll eingesammelt. <\/p>\n\n\n\n<ul class=\"wp-block-gallery columns-3 is-cropped wp-block-gallery-1 is-layout-flex wp-block-gallery-is-layout-flex\"><li class=\"blocks-gallery-item\"><figure><img data-recalc-dims=\"1\" loading=\"lazy\" decoding=\"async\" width=\"320\" height=\"240\" data-attachment-id=\"298\" data-permalink=\"https:\/\/umweltkids-bb.de\/?attachment_id=298\" data-orig-file=\"https:\/\/i0.wp.com\/umweltkids-bb.de\/wp-content\/uploads\/2019\/03\/IMG_0124-e1551622410140.jpg?fit=320%2C240&amp;ssl=1\" data-orig-size=\"320,240\" data-comments-opened=\"1\" data-image-meta=\"{&quot;aperture&quot;:&quot;2.2&quot;,&quot;credit&quot;:&quot;&quot;,&quot;camera&quot;:&quot;iPhone 5s&quot;,&quot;caption&quot;:&quot;&quot;,&quot;created_timestamp&quot;:&quot;1551524975&quot;,&quot;copyright&quot;:&quot;&quot;,&quot;focal_length&quot;:&quot;4.15&quot;,&quot;iso&quot;:&quot;40&quot;,&quot;shutter_speed&quot;:&quot;0.01&quot;,&quot;title&quot;:&quot;&quot;,&quot;orientation&quot;:&quot;1&quot;}\" data-image-title=\"IMG_0124\" data-image-description=\"\" data-image-caption=\"\" data-medium-file=\"https:\/\/i0.wp.com\/umweltkids-bb.de\/wp-content\/uploads\/2019\/03\/IMG_0124-e1551622410140.jpg?fit=300%2C225&amp;ssl=1\" data-large-file=\"https:\/\/i0.wp.com\/umweltkids-bb.de\/wp-content\/uploads\/2019\/03\/IMG_0124-e1551622410140.jpg?fit=320%2C240&amp;ssl=1\" src=\"https:\/\/i0.wp.com\/umweltkids-bb.de\/wp-content\/uploads\/2019\/03\/IMG_0124-e1551622410140.jpg?resize=320%2C240&#038;ssl=1\" alt=\"\" data-id=\"298\" data-link=\"https:\/\/umweltkids-bb.de\/?attachment_id=298\" class=\"wp-image-298\"\/><\/figure><\/li><li class=\"blocks-gallery-item\"><figure><img data-recalc-dims=\"1\" loading=\"lazy\" decoding=\"async\" width=\"320\" height=\"240\" data-attachment-id=\"295\" data-permalink=\"https:\/\/umweltkids-bb.de\/?attachment_id=295\" data-orig-file=\"https:\/\/i0.wp.com\/umweltkids-bb.de\/wp-content\/uploads\/2019\/03\/IMG_0120-e1551621874513.jpg?fit=320%2C240&amp;ssl=1\" data-orig-size=\"320,240\" data-comments-opened=\"1\" data-image-meta=\"{&quot;aperture&quot;:&quot;2.2&quot;,&quot;credit&quot;:&quot;&quot;,&quot;camera&quot;:&quot;iPhone 5s&quot;,&quot;caption&quot;:&quot;&quot;,&quot;created_timestamp&quot;:&quot;1551521380&quot;,&quot;copyright&quot;:&quot;&quot;,&quot;focal_length&quot;:&quot;4.15&quot;,&quot;iso&quot;:&quot;32&quot;,&quot;shutter_speed&quot;:&quot;0.0084033613445378&quot;,&quot;title&quot;:&quot;&quot;,&quot;orientation&quot;:&quot;1&quot;}\" data-image-title=\"IMG_0120\" data-image-description=\"\" data-image-caption=\"\" data-medium-file=\"https:\/\/i0.wp.com\/umweltkids-bb.de\/wp-content\/uploads\/2019\/03\/IMG_0120-e1551621874513.jpg?fit=300%2C225&amp;ssl=1\" data-large-file=\"https:\/\/i0.wp.com\/umweltkids-bb.de\/wp-content\/uploads\/2019\/03\/IMG_0120-e1551621874513.jpg?fit=320%2C240&amp;ssl=1\" src=\"https:\/\/i0.wp.com\/umweltkids-bb.de\/wp-content\/uploads\/2019\/03\/IMG_0120-e1551621874513.jpg?resize=320%2C240&#038;ssl=1\" alt=\"\" data-id=\"295\" data-link=\"https:\/\/umweltkids-bb.de\/?attachment_id=295\" class=\"wp-image-295\"\/><\/figure><\/li><li class=\"blocks-gallery-item\"><figure><img data-recalc-dims=\"1\" loading=\"lazy\" decoding=\"async\" width=\"240\" height=\"320\" data-attachment-id=\"296\" data-permalink=\"https:\/\/umweltkids-bb.de\/?attachment_id=296\" data-orig-file=\"https:\/\/i0.wp.com\/umweltkids-bb.de\/wp-content\/uploads\/2019\/03\/IMG_0121-e1551622004214.jpg?fit=240%2C320&amp;ssl=1\" data-orig-size=\"240,320\" data-comments-opened=\"1\" data-image-meta=\"{&quot;aperture&quot;:&quot;2.2&quot;,&quot;credit&quot;:&quot;&quot;,&quot;camera&quot;:&quot;iPhone 5s&quot;,&quot;caption&quot;:&quot;&quot;,&quot;created_timestamp&quot;:&quot;1551521393&quot;,&quot;copyright&quot;:&quot;&quot;,&quot;focal_length&quot;:&quot;4.15&quot;,&quot;iso&quot;:&quot;32&quot;,&quot;shutter_speed&quot;:&quot;0.0031152647975078&quot;,&quot;title&quot;:&quot;&quot;,&quot;orientation&quot;:&quot;1&quot;}\" data-image-title=\"IMG_0121\" data-image-description=\"\" data-image-caption=\"\" data-medium-file=\"https:\/\/i0.wp.com\/umweltkids-bb.de\/wp-content\/uploads\/2019\/03\/IMG_0121-e1551622004214.jpg?fit=225%2C300&amp;ssl=1\" data-large-file=\"https:\/\/i0.wp.com\/umweltkids-bb.de\/wp-content\/uploads\/2019\/03\/IMG_0121-e1551622004214.jpg?fit=240%2C320&amp;ssl=1\" src=\"https:\/\/i0.wp.com\/umweltkids-bb.de\/wp-content\/uploads\/2019\/03\/IMG_0121-e1551622004214.jpg?resize=240%2C320&#038;ssl=1\" alt=\"\" data-id=\"296\" data-link=\"https:\/\/umweltkids-bb.de\/?attachment_id=296\" class=\"wp-image-296\"\/><\/figure><\/li><\/ul>\n\n\n\n<p style=\"text-align:center\">Wir haben ungef\u00e4hr 11 S\u00e4cke insgesamt gef\u00fcllt. Da waren ein Fahrradsitz, Radkappen, Fitnessger\u00e4t und ein 3 Meter langes Abwasserrohr dabei. <\/p>\n\n\n\n<p>Es waren 20 Leute da und an die ein gro\u00dfes DANKESCH\u00d6N.<\/p>\n\n\n\n<p>Yannic\nvon den Umweltkids<\/p>\n","protected":false},"excerpt":{"rendered":"<p>Am Samstag, den 2.M\u00e4rz haben wir zwischen der Einfahrt vom L\u00e4rchenweg und dem Seniorenheim M\u00fcll eingesammelt. Danach sind wir in den Wachholderweg eingebogen und haben auch dort M\u00fcll eingesammelt. Wir haben ungef\u00e4hr 11 S\u00e4cke insgesamt gef\u00fcllt. Da waren ein Fahrradsitz, Radkappen, Fitnessger\u00e4t und ein 3 Meter langes Abwasserrohr dabei. Es waren 20 Leute da und [&hellip;]<\/p>\n","protected":false},"author":1,"featured_media":293,"comment_status":"closed","ping_status":"open","sticky":false,"template":"","format":"standard","meta":{"_jetpack_memberships_contains_paid_content":false,"footnotes":""},"categories":[2],"tags":[35,36,16,19,27,28,29,30],"class_list":["post-292","post","type-post","status-publish","format-standard","has-post-thumbnail","hentry","category-aktionen","tag-aufraeumen","tag-entsorgen","tag-muell-sammeln","tag-nistkaesten","tag-umwelt","tag-umweltaktion","tag-umweltkids","tag-umweltschutz"],"jetpack_featured_media_url":"https:\/\/i0.wp.com\/umweltkids-bb.de\/wp-content\/uploads\/2019\/03\/IMG_0118-e1551622767427.jpg?fit=231%2C245&ssl=1","jetpack_shortlink":"https:\/\/wp.me\/paIICq-4I","jetpack-related-posts":[],"jetpack_sharing_enabled":true,"_links":{"self":[{"href":"https:\/\/umweltkids-bb.de\/index.php?rest_route=\/wp\/v2\/posts\/292"}],"collection":[{"href":"https:\/\/umweltkids-bb.de\/index.php?rest_route=\/wp\/v2\/posts"}],"about":[{"href":"https:\/\/umweltkids-bb.de\/index.php?rest_route=\/wp\/v2\/types\/post"}],"author":[{"embeddable":true,"href":"https:\/\/umweltkids-bb.de\/index.php?rest_route=\/wp\/v2\/users\/1"}],"replies":[{"embeddable":true,"href":"https:\/\/umweltkids-bb.de\/index.php?rest_route=%2Fwp%2Fv2%2Fcomments&post=292"}],"version-history":[{"count":4,"href":"https:\/\/umweltkids-bb.de\/index.php?rest_route=\/wp\/v2\/posts\/292\/revisions"}],"predecessor-version":[{"id":303,"href":"https:\/\/umweltkids-bb.de\/index.php?rest_route=\/wp\/v2\/posts\/292\/revisions\/303"}],"wp:featuredmedia":[{"embeddable":true,"href":"https:\/\/umweltkids-bb.de\/index.php?rest_route=\/wp\/v2\/media\/293"}],"wp:attachment":[{"href":"https:\/\/umweltkids-bb.de\/index.php?rest_route=%2Fwp%2Fv2%2Fmedia&parent=292"}],"wp:term":[{"taxonomy":"category","embeddable":true,"href":"https:\/\/umweltkids-bb.de\/index.php?rest_route=%2Fwp%2Fv2%2Fcategories&post=292"},{"taxonomy":"post_tag","embeddable":true,"href":"https:\/\/umweltkids-bb.de\/index.php?rest_route=%2Fwp%2Fv2%2Ftags&post=292"}],"curies":[{"name":"wp","href":"https:\/\/api.w.org\/{rel}","templated":true}]}}