{"id":348,"date":"2019-03-27T18:00:17","date_gmt":"2019-03-27T18:00:17","guid":{"rendered":"https:\/\/umweltkids-bb.de\/?p=348"},"modified":"2019-05-21T16:27:57","modified_gmt":"2019-05-21T16:27:57","slug":"aktionstag-hohen-neuendorf-blueht-auf","status":"publish","type":"post","link":"https:\/\/umweltkids-bb.de\/?p=348","title":{"rendered":"Aktionstag &#8222;Hohen Neuendorf bl\u00fcht auf&#8220;"},"content":{"rendered":"\n<p style=\"text-align:center\">Am 29.3. von 14-18 Uhr auf dem Voplatz am S-Bahnhof Hohen Neuendorf.  <br>Kommt alle vorbei und holt euch eine Sament\u00fcte und s\u00e4t sie im Garten, auf dem Balkon oder auch auf einer \u00f6ffentlichen Fl\u00e4sche aus.  <\/p>\n\n\n\n<p><a href=\"https:\/\/hohen-neuendorf.de\/de\/stadt-leben\/aktuelles\/aktionstag-hohen-neuendorf-blueht-auf\">https:\/\/hohen-neuendorf.de\/de\/stadt-leben\/aktuelles\/aktionstag-hohen-neuendorf-blueht-auf<\/a><br><\/p>\n\n\n\n<p style=\"font-size:12px\">Beitragsbild Quelle: <a href=\"https:\/\/hohen-neuendorf.de\/de\/stadt-leben\/aktuelles\/aktionstag-hohen-neuendorf-blueht-auf\">Plakat der Stadt Hohen Neuendorf<\/a><\/p>\n","protected":false},"excerpt":{"rendered":"<p>Am 29.3. von 14-18 Uhr auf dem Voplatz am S-Bahnhof Hohen Neuendorf. Kommt alle vorbei und holt euch eine Sament\u00fcte und s\u00e4t sie im Garten, auf dem Balkon oder auch auf einer \u00f6ffentlichen Fl\u00e4sche aus. https:\/\/hohen-neuendorf.de\/de\/stadt-leben\/aktuelles\/aktionstag-hohen-neuendorf-blueht-auf Beitragsbild Quelle: Plakat der Stadt Hohen Neuendorf<\/p>\n","protected":false},"author":1,"featured_media":351,"comment_status":"closed","ping_status":"open","sticky":false,"template":"","format":"standard","meta":{"_jetpack_memberships_contains_paid_content":false,"footnotes":""},"categories":[2,4],"tags":[54,12,53,38,52,25,29,30,51,40],"class_list":["post-348","post","type-post","status-publish","format-standard","has-post-thumbnail","hentry","category-aktionen","category-termine","tag-bienen","tag-hohen-neuendorf","tag-hummeln","tag-naturschutz","tag-schmetterlinge","tag-sdw","tag-umweltkids","tag-umweltschutz","tag-voegel","tag-wildbienen"],"jetpack_featured_media_url":"https:\/\/i0.wp.com\/umweltkids-bb.de\/wp-content\/uploads\/2019\/03\/Aktionstag-e1553717118401.png?fit=253%2C357&ssl=1","jetpack_shortlink":"https:\/\/wp.me\/paIICq-5C","jetpack-related-posts":[],"jetpack_sharing_enabled":true,"_links":{"self":[{"href":"https:\/\/umweltkids-bb.de\/index.php?rest_route=\/wp\/v2\/posts\/348"}],"collection":[{"href":"https:\/\/umweltkids-bb.de\/index.php?rest_route=\/wp\/v2\/posts"}],"about":[{"href":"https:\/\/umweltkids-bb.de\/index.php?rest_route=\/wp\/v2\/types\/post"}],"author":[{"embeddable":true,"href":"https:\/\/umweltkids-bb.de\/index.php?rest_route=\/wp\/v2\/users\/1"}],"replies":[{"embeddable":true,"href":"https:\/\/umweltkids-bb.de\/index.php?rest_route=%2Fwp%2Fv2%2Fcomments&post=348"}],"version-history":[{"count":4,"href":"https:\/\/umweltkids-bb.de\/index.php?rest_route=\/wp\/v2\/posts\/348\/revisions"}],"predecessor-version":[{"id":355,"href":"https:\/\/umweltkids-bb.de\/index.php?rest_route=\/wp\/v2\/posts\/348\/revisions\/355"}],"wp:featuredmedia":[{"embeddable":true,"href":"https:\/\/umweltkids-bb.de\/index.php?rest_route=\/wp\/v2\/media\/351"}],"wp:attachment":[{"href":"https:\/\/umweltkids-bb.de\/index.php?rest_route=%2Fwp%2Fv2%2Fmedia&parent=348"}],"wp:term":[{"taxonomy":"category","embeddable":true,"href":"https:\/\/umweltkids-bb.de\/index.php?rest_route=%2Fwp%2Fv2%2Fcategories&post=348"},{"taxonomy":"post_tag","embeddable":true,"href":"https:\/\/umweltkids-bb.de\/index.php?rest_route=%2Fwp%2Fv2%2Ftags&post=348"}],"curies":[{"name":"wp","href":"https:\/\/api.w.org\/{rel}","templated":true}]}}