{"id":358,"date":"2019-04-07T07:43:20","date_gmt":"2019-04-07T07:43:20","guid":{"rendered":"https:\/\/umweltkids-bb.de\/?p=358"},"modified":"2019-05-21T16:27:57","modified_gmt":"2019-05-21T16:27:57","slug":"unser-5-treffen","status":"publish","type":"post","link":"https:\/\/umweltkids-bb.de\/?p=358","title":{"rendered":"Unser 5. Treffen"},"content":{"rendered":"\n<p style=\"text-align:center\">Am 6. April 2019 haben wir viele leere Kabelh\u00fcllen von Starkstromkabeln aus dem Postwald gezogen. <\/p>\n\n\n\n<p style=\"text-align:center\">Es lagen auch viele zerfallene Plastikt\u00fcten und Plastikm\u00fcll im Wald. Das Einsammeln der Plastikt\u00fcten war sehr anstrengend. Insgesamt haben wir 6 M\u00fcllt\u00fcten gef\u00fcllt. <\/p>\n\n\n\n<div class=\"wp-block-image\"><figure class=\"aligncenter\"><img data-recalc-dims=\"1\" loading=\"lazy\" decoding=\"async\" width=\"320\" height=\"240\" data-attachment-id=\"361\" data-permalink=\"https:\/\/umweltkids-bb.de\/?attachment_id=361\" data-orig-file=\"https:\/\/i0.wp.com\/umweltkids-bb.de\/wp-content\/uploads\/2019\/04\/IMG_0156-e1554622510638.jpg?fit=320%2C240&amp;ssl=1\" data-orig-size=\"320,240\" data-comments-opened=\"1\" data-image-meta=\"{&quot;aperture&quot;:&quot;1.8&quot;,&quot;credit&quot;:&quot;&quot;,&quot;camera&quot;:&quot;iPhone 7&quot;,&quot;caption&quot;:&quot;&quot;,&quot;created_timestamp&quot;:&quot;1554559737&quot;,&quot;copyright&quot;:&quot;&quot;,&quot;focal_length&quot;:&quot;3.99&quot;,&quot;iso&quot;:&quot;20&quot;,&quot;shutter_speed&quot;:&quot;0.0040322580645161&quot;,&quot;title&quot;:&quot;&quot;,&quot;orientation&quot;:&quot;1&quot;}\" data-image-title=\"IMG_0156\" data-image-description=\"\" data-image-caption=\"\" data-medium-file=\"https:\/\/i0.wp.com\/umweltkids-bb.de\/wp-content\/uploads\/2019\/04\/IMG_0156-e1554622510638.jpg?fit=300%2C225&amp;ssl=1\" data-large-file=\"https:\/\/i0.wp.com\/umweltkids-bb.de\/wp-content\/uploads\/2019\/04\/IMG_0156-e1554622510638.jpg?fit=320%2C240&amp;ssl=1\" src=\"https:\/\/i0.wp.com\/umweltkids-bb.de\/wp-content\/uploads\/2019\/04\/IMG_0156-e1554622510638.jpg?resize=320%2C240&#038;ssl=1\" alt=\"\" class=\"wp-image-361\"\/><\/figure><\/div>\n\n\n\n<p>Yannic von den Umweltkids &nbsp;&nbsp;<\/p>\n","protected":false},"excerpt":{"rendered":"<p>Am 6. April 2019 haben wir viele leere Kabelh\u00fcllen von Starkstromkabeln aus dem Postwald gezogen. Es lagen auch viele zerfallene Plastikt\u00fcten und Plastikm\u00fcll im Wald. Das Einsammeln der Plastikt\u00fcten war sehr anstrengend. Insgesamt haben wir 6 M\u00fcllt\u00fcten gef\u00fcllt. Yannic von den Umweltkids &nbsp;&nbsp;<\/p>\n","protected":false},"author":1,"featured_media":360,"comment_status":"closed","ping_status":"open","sticky":false,"template":"","format":"standard","meta":{"_jetpack_memberships_contains_paid_content":false,"footnotes":""},"categories":[2],"tags":[35,36,16,27,28,29,30],"class_list":["post-358","post","type-post","status-publish","format-standard","has-post-thumbnail","hentry","category-aktionen","tag-aufraeumen","tag-entsorgen","tag-muell-sammeln","tag-umwelt","tag-umweltaktion","tag-umweltkids","tag-umweltschutz"],"jetpack_featured_media_url":"https:\/\/i0.wp.com\/umweltkids-bb.de\/wp-content\/uploads\/2019\/04\/IMG_0145-e1554622451976.jpg?fit=320%2C240&ssl=1","jetpack_shortlink":"https:\/\/wp.me\/paIICq-5M","jetpack-related-posts":[],"jetpack_sharing_enabled":true,"_links":{"self":[{"href":"https:\/\/umweltkids-bb.de\/index.php?rest_route=\/wp\/v2\/posts\/358"}],"collection":[{"href":"https:\/\/umweltkids-bb.de\/index.php?rest_route=\/wp\/v2\/posts"}],"about":[{"href":"https:\/\/umweltkids-bb.de\/index.php?rest_route=\/wp\/v2\/types\/post"}],"author":[{"embeddable":true,"href":"https:\/\/umweltkids-bb.de\/index.php?rest_route=\/wp\/v2\/users\/1"}],"replies":[{"embeddable":true,"href":"https:\/\/umweltkids-bb.de\/index.php?rest_route=%2Fwp%2Fv2%2Fcomments&post=358"}],"version-history":[{"count":4,"href":"https:\/\/umweltkids-bb.de\/index.php?rest_route=\/wp\/v2\/posts\/358\/revisions"}],"predecessor-version":[{"id":417,"href":"https:\/\/umweltkids-bb.de\/index.php?rest_route=\/wp\/v2\/posts\/358\/revisions\/417"}],"wp:featuredmedia":[{"embeddable":true,"href":"https:\/\/umweltkids-bb.de\/index.php?rest_route=\/wp\/v2\/media\/360"}],"wp:attachment":[{"href":"https:\/\/umweltkids-bb.de\/index.php?rest_route=%2Fwp%2Fv2%2Fmedia&parent=358"}],"wp:term":[{"taxonomy":"category","embeddable":true,"href":"https:\/\/umweltkids-bb.de\/index.php?rest_route=%2Fwp%2Fv2%2Fcategories&post=358"},{"taxonomy":"post_tag","embeddable":true,"href":"https:\/\/umweltkids-bb.de\/index.php?rest_route=%2Fwp%2Fv2%2Ftags&post=358"}],"curies":[{"name":"wp","href":"https:\/\/api.w.org\/{rel}","templated":true}]}}