{"id":384,"date":"2019-04-18T17:52:45","date_gmt":"2019-04-18T17:52:45","guid":{"rendered":"https:\/\/umweltkids-bb.de\/?p=384"},"modified":"2019-05-21T16:27:14","modified_gmt":"2019-05-21T16:27:14","slug":"planaenderung-fuer-unser-mai-treffen","status":"publish","type":"post","link":"https:\/\/umweltkids-bb.de\/?p=384","title":{"rendered":"Plan\u00e4nderung f\u00fcr unser Mai-Treffen"},"content":{"rendered":"\n<p>Statt in der Niederheide M\u00fcll aufzusammeln, machen wir etwas zusammen mit der Schutzgemeinschaft Deutscher Wald. <\/p>\n\n\n\n<p>Was wir machen:  <br><em><a href=\"https:\/\/www.sdw-naturschutzturm.de\/programm\/\">&#8222;Bek\u00e4mpfung des Staudenkn\u00f6terich&#8220;<\/a><\/em> <\/p>\n\n\n\n<p><strong>Treffpunkt:<\/strong>  <strong>9 Uhr, <\/strong>Alte Eiche am Ende der Glienicker-Stra\u00dfe, Hohen Neuendorf OT Bergfelde <\/p>\n\n\n\n<p>Die M\u00fcllsammelaktion im Waldst\u00fcck Niederheide machen wir dann nach den Sommerferien.<\/p>\n\n\n\n<p>Yannic von den Umweltkids <\/p>\n","protected":false},"excerpt":{"rendered":"<p>Statt in der Niederheide M\u00fcll aufzusammeln, machen wir etwas zusammen mit der Schutzgemeinschaft Deutscher Wald. Was wir machen: &#8222;Bek\u00e4mpfung des Staudenkn\u00f6terich&#8220; Treffpunkt: 9 Uhr, Alte Eiche am Ende der Glienicker-Stra\u00dfe, Hohen Neuendorf OT Bergfelde Die M\u00fcllsammelaktion im Waldst\u00fcck Niederheide machen wir dann nach den Sommerferien. Yannic von den Umweltkids<\/p>\n","protected":false},"author":1,"featured_media":386,"comment_status":"closed","ping_status":"open","sticky":false,"template":"","format":"standard","meta":{"_jetpack_memberships_contains_paid_content":false,"footnotes":""},"categories":[2,4],"tags":[11,18,24,25,28,29,30],"class_list":["post-384","post","type-post","status-publish","format-standard","has-post-thumbnail","hentry","category-aktionen","category-termine","tag-herthamoor","tag-naturschutzturm","tag-schutzgemeinschaft-deutscher-wald","tag-sdw","tag-umweltaktion","tag-umweltkids","tag-umweltschutz"],"jetpack_featured_media_url":"https:\/\/i0.wp.com\/umweltkids-bb.de\/wp-content\/uploads\/2019\/04\/knotweed-2699120_640-e1555609813414.jpg?fit=320%2C213&ssl=1","jetpack_shortlink":"https:\/\/wp.me\/paIICq-6c","jetpack-related-posts":[],"jetpack_sharing_enabled":true,"_links":{"self":[{"href":"https:\/\/umweltkids-bb.de\/index.php?rest_route=\/wp\/v2\/posts\/384"}],"collection":[{"href":"https:\/\/umweltkids-bb.de\/index.php?rest_route=\/wp\/v2\/posts"}],"about":[{"href":"https:\/\/umweltkids-bb.de\/index.php?rest_route=\/wp\/v2\/types\/post"}],"author":[{"embeddable":true,"href":"https:\/\/umweltkids-bb.de\/index.php?rest_route=\/wp\/v2\/users\/1"}],"replies":[{"embeddable":true,"href":"https:\/\/umweltkids-bb.de\/index.php?rest_route=%2Fwp%2Fv2%2Fcomments&post=384"}],"version-history":[{"count":3,"href":"https:\/\/umweltkids-bb.de\/index.php?rest_route=\/wp\/v2\/posts\/384\/revisions"}],"predecessor-version":[{"id":388,"href":"https:\/\/umweltkids-bb.de\/index.php?rest_route=\/wp\/v2\/posts\/384\/revisions\/388"}],"wp:featuredmedia":[{"embeddable":true,"href":"https:\/\/umweltkids-bb.de\/index.php?rest_route=\/wp\/v2\/media\/386"}],"wp:attachment":[{"href":"https:\/\/umweltkids-bb.de\/index.php?rest_route=%2Fwp%2Fv2%2Fmedia&parent=384"}],"wp:term":[{"taxonomy":"category","embeddable":true,"href":"https:\/\/umweltkids-bb.de\/index.php?rest_route=%2Fwp%2Fv2%2Fcategories&post=384"},{"taxonomy":"post_tag","embeddable":true,"href":"https:\/\/umweltkids-bb.de\/index.php?rest_route=%2Fwp%2Fv2%2Ftags&post=384"}],"curies":[{"name":"wp","href":"https:\/\/api.w.org\/{rel}","templated":true}]}}