{"id":395,"date":"2019-05-06T17:22:03","date_gmt":"2019-05-06T17:22:03","guid":{"rendered":"https:\/\/umweltkids-bb.de\/?p=395"},"modified":"2019-05-21T16:26:45","modified_gmt":"2019-05-21T16:26:45","slug":"6-treffen-aktionstag-sdw","status":"publish","type":"post","link":"https:\/\/umweltkids-bb.de\/?p=395","title":{"rendered":"6. Treffen &#8211; Aktionstag SDW"},"content":{"rendered":"\n<p style=\"text-align:center\">Wir haben mit der Schutzgemeinschaft Deutscher Wald gemeinsam am Samstag Staudenkn\u00f6terich, Staudenkn\u00f6terich und noch mehr Staudenkn\u00f6terich entfernt. Wir haben fast einen Container gef\u00fcllt.<\/p>\n\n\n\n<div class=\"wp-block-jetpack-tiled-gallery aligncenter is-style-columns\"><div class=\"tiled-gallery__gallery\"><div class=\"tiled-gallery__row\"><div class=\"tiled-gallery__col\"><figure class=\"tiled-gallery__item\"><img decoding=\"async\" data-attachment-id=\"397\" data-permalink=\"https:\/\/umweltkids-bb.de\/?attachment_id=397\" data-orig-file=\"https:\/\/i0.wp.com\/umweltkids-bb.de\/wp-content\/uploads\/2019\/05\/share-e1557162741110.jpg?fit=240%2C320&amp;ssl=1\" data-orig-size=\"240,320\" data-comments-opened=\"1\" data-image-meta=\"{&quot;aperture&quot;:&quot;0&quot;,&quot;credit&quot;:&quot;&quot;,&quot;camera&quot;:&quot;&quot;,&quot;caption&quot;:&quot;&quot;,&quot;created_timestamp&quot;:&quot;0&quot;,&quot;copyright&quot;:&quot;&quot;,&quot;focal_length&quot;:&quot;0&quot;,&quot;iso&quot;:&quot;0&quot;,&quot;shutter_speed&quot;:&quot;0&quot;,&quot;title&quot;:&quot;&quot;,&quot;orientation&quot;:&quot;1&quot;}\" data-image-title=\"share\" data-image-description=\"\" data-image-caption=\"\" data-medium-file=\"https:\/\/i0.wp.com\/umweltkids-bb.de\/wp-content\/uploads\/2019\/05\/share-e1557162741110.jpg?fit=225%2C300&amp;ssl=1\" data-large-file=\"https:\/\/i0.wp.com\/umweltkids-bb.de\/wp-content\/uploads\/2019\/05\/share-e1557162741110.jpg?fit=240%2C320&amp;ssl=1\" data-attachment-id=\"397\" data-permalink=\"https:\/\/umweltkids-bb.de\/?attachment_id=397\" data-orig-file=\"https:\/\/i0.wp.com\/umweltkids-bb.de\/wp-content\/uploads\/2019\/05\/share-e1557162741110.jpg?fit=240%2C320&amp;ssl=1\" data-orig-size=\"240,320\" data-comments-opened=\"1\" data-image-meta=\"{&quot;aperture&quot;:&quot;0&quot;,&quot;credit&quot;:&quot;&quot;,&quot;camera&quot;:&quot;&quot;,&quot;caption&quot;:&quot;&quot;,&quot;created_timestamp&quot;:&quot;0&quot;,&quot;copyright&quot;:&quot;&quot;,&quot;focal_length&quot;:&quot;0&quot;,&quot;iso&quot;:&quot;0&quot;,&quot;shutter_speed&quot;:&quot;0&quot;,&quot;title&quot;:&quot;&quot;,&quot;orientation&quot;:&quot;1&quot;}\" data-image-title=\"share\" data-image-description=\"\" data-image-caption=\"\" data-medium-file=\"https:\/\/i0.wp.com\/umweltkids-bb.de\/wp-content\/uploads\/2019\/05\/share-e1557162741110.jpg?fit=225%2C300&amp;ssl=1\" data-large-file=\"https:\/\/i0.wp.com\/umweltkids-bb.de\/wp-content\/uploads\/2019\/05\/share-e1557162741110.jpg?fit=240%2C320&amp;ssl=1\" srcset=\"https:\/\/i2.wp.com\/umweltkids-bb.de\/wp-content\/uploads\/2019\/05\/share-e1557162741110.jpg?strip=info&#038;w=240&#038;ssl=1 240w\" alt=\"\" data-height=\"320\" data-id=\"397\" data-link=\"https:\/\/umweltkids-bb.de\/?attachment_id=397\" data-url=\"https:\/\/umweltkids-bb.de\/wp-content\/uploads\/2019\/05\/share-e1557162741110.jpg\" data-width=\"240\" src=\"https:\/\/i2.wp.com\/umweltkids-bb.de\/wp-content\/uploads\/2019\/05\/share-e1557162741110.jpg?ssl=1\"\/><\/figure><\/div><div class=\"tiled-gallery__col\"><figure class=\"tiled-gallery__item\"><img decoding=\"async\" data-attachment-id=\"400\" data-permalink=\"https:\/\/umweltkids-bb.de\/?attachment_id=400\" data-orig-file=\"https:\/\/i0.wp.com\/umweltkids-bb.de\/wp-content\/uploads\/2019\/05\/IMG_0380-e1557162802622.jpg?fit=320%2C240&amp;ssl=1\" data-orig-size=\"320,240\" data-comments-opened=\"1\" data-image-meta=\"{&quot;aperture&quot;:&quot;1.8&quot;,&quot;credit&quot;:&quot;&quot;,&quot;camera&quot;:&quot;iPhone 7&quot;,&quot;caption&quot;:&quot;&quot;,&quot;created_timestamp&quot;:&quot;1556966535&quot;,&quot;copyright&quot;:&quot;&quot;,&quot;focal_length&quot;:&quot;3.99&quot;,&quot;iso&quot;:&quot;20&quot;,&quot;shutter_speed&quot;:&quot;0.0013586956521739&quot;,&quot;title&quot;:&quot;&quot;,&quot;orientation&quot;:&quot;3&quot;}\" data-image-title=\"IMG_0380\" data-image-description=\"\" data-image-caption=\"\" data-medium-file=\"https:\/\/i0.wp.com\/umweltkids-bb.de\/wp-content\/uploads\/2019\/05\/IMG_0380-e1557162802622.jpg?fit=300%2C225&amp;ssl=1\" data-large-file=\"https:\/\/i0.wp.com\/umweltkids-bb.de\/wp-content\/uploads\/2019\/05\/IMG_0380-e1557162802622.jpg?fit=320%2C240&amp;ssl=1\" data-attachment-id=\"400\" data-permalink=\"https:\/\/umweltkids-bb.de\/?attachment_id=400\" data-orig-file=\"https:\/\/i0.wp.com\/umweltkids-bb.de\/wp-content\/uploads\/2019\/05\/IMG_0380-e1557162802622.jpg?fit=320%2C240&amp;ssl=1\" data-orig-size=\"320,240\" data-comments-opened=\"1\" data-image-meta=\"{&quot;aperture&quot;:&quot;1.8&quot;,&quot;credit&quot;:&quot;&quot;,&quot;camera&quot;:&quot;iPhone 7&quot;,&quot;caption&quot;:&quot;&quot;,&quot;created_timestamp&quot;:&quot;1556966535&quot;,&quot;copyright&quot;:&quot;&quot;,&quot;focal_length&quot;:&quot;3.99&quot;,&quot;iso&quot;:&quot;20&quot;,&quot;shutter_speed&quot;:&quot;0.0013586956521739&quot;,&quot;title&quot;:&quot;&quot;,&quot;orientation&quot;:&quot;3&quot;}\" data-image-title=\"IMG_0380\" data-image-description=\"\" data-image-caption=\"\" data-medium-file=\"https:\/\/i0.wp.com\/umweltkids-bb.de\/wp-content\/uploads\/2019\/05\/IMG_0380-e1557162802622.jpg?fit=300%2C225&amp;ssl=1\" data-large-file=\"https:\/\/i0.wp.com\/umweltkids-bb.de\/wp-content\/uploads\/2019\/05\/IMG_0380-e1557162802622.jpg?fit=320%2C240&amp;ssl=1\" srcset=\"https:\/\/i1.wp.com\/umweltkids-bb.de\/wp-content\/uploads\/2019\/05\/IMG_0380-e1557162802622.jpg?strip=info&#038;w=320&#038;ssl=1 320w\" alt=\"\" data-height=\"240\" data-id=\"400\" data-link=\"https:\/\/umweltkids-bb.de\/?attachment_id=400\" data-url=\"https:\/\/umweltkids-bb.de\/wp-content\/uploads\/2019\/05\/IMG_0380-e1557162802622.jpg\" data-width=\"320\" src=\"https:\/\/i1.wp.com\/umweltkids-bb.de\/wp-content\/uploads\/2019\/05\/IMG_0380-e1557162802622.jpg?ssl=1\"\/><\/figure><\/div><div class=\"tiled-gallery__col\"><figure class=\"tiled-gallery__item\"><img decoding=\"async\" data-attachment-id=\"398\" data-permalink=\"https:\/\/umweltkids-bb.de\/?attachment_id=398\" data-orig-file=\"https:\/\/i0.wp.com\/umweltkids-bb.de\/wp-content\/uploads\/2019\/05\/IMG_0388-e1557162723550.jpg?fit=240%2C320&amp;ssl=1\" data-orig-size=\"240,320\" data-comments-opened=\"1\" data-image-meta=\"{&quot;aperture&quot;:&quot;1.8&quot;,&quot;credit&quot;:&quot;&quot;,&quot;camera&quot;:&quot;iPhone 7&quot;,&quot;caption&quot;:&quot;&quot;,&quot;created_timestamp&quot;:&quot;1556972139&quot;,&quot;copyright&quot;:&quot;&quot;,&quot;focal_length&quot;:&quot;3.99&quot;,&quot;iso&quot;:&quot;20&quot;,&quot;shutter_speed&quot;:&quot;0.00093984962406015&quot;,&quot;title&quot;:&quot;&quot;,&quot;orientation&quot;:&quot;6&quot;}\" data-image-title=\"IMG_0388\" data-image-description=\"\" data-image-caption=\"\" data-medium-file=\"https:\/\/i0.wp.com\/umweltkids-bb.de\/wp-content\/uploads\/2019\/05\/IMG_0388-e1557162723550.jpg?fit=225%2C300&amp;ssl=1\" data-large-file=\"https:\/\/i0.wp.com\/umweltkids-bb.de\/wp-content\/uploads\/2019\/05\/IMG_0388-e1557162723550.jpg?fit=240%2C320&amp;ssl=1\" data-attachment-id=\"398\" data-permalink=\"https:\/\/umweltkids-bb.de\/?attachment_id=398\" data-orig-file=\"https:\/\/i0.wp.com\/umweltkids-bb.de\/wp-content\/uploads\/2019\/05\/IMG_0388-e1557162723550.jpg?fit=240%2C320&amp;ssl=1\" data-orig-size=\"240,320\" data-comments-opened=\"1\" data-image-meta=\"{&quot;aperture&quot;:&quot;1.8&quot;,&quot;credit&quot;:&quot;&quot;,&quot;camera&quot;:&quot;iPhone 7&quot;,&quot;caption&quot;:&quot;&quot;,&quot;created_timestamp&quot;:&quot;1556972139&quot;,&quot;copyright&quot;:&quot;&quot;,&quot;focal_length&quot;:&quot;3.99&quot;,&quot;iso&quot;:&quot;20&quot;,&quot;shutter_speed&quot;:&quot;0.00093984962406015&quot;,&quot;title&quot;:&quot;&quot;,&quot;orientation&quot;:&quot;6&quot;}\" data-image-title=\"IMG_0388\" data-image-description=\"\" data-image-caption=\"\" data-medium-file=\"https:\/\/i0.wp.com\/umweltkids-bb.de\/wp-content\/uploads\/2019\/05\/IMG_0388-e1557162723550.jpg?fit=225%2C300&amp;ssl=1\" data-large-file=\"https:\/\/i0.wp.com\/umweltkids-bb.de\/wp-content\/uploads\/2019\/05\/IMG_0388-e1557162723550.jpg?fit=240%2C320&amp;ssl=1\" srcset=\"https:\/\/i2.wp.com\/umweltkids-bb.de\/wp-content\/uploads\/2019\/05\/IMG_0388-e1557162723550.jpg?strip=info&#038;w=240&#038;ssl=1 240w\" alt=\"\" data-height=\"320\" data-id=\"398\" data-link=\"https:\/\/umweltkids-bb.de\/?attachment_id=398\" data-url=\"https:\/\/umweltkids-bb.de\/wp-content\/uploads\/2019\/05\/IMG_0388-e1557162723550.jpg\" data-width=\"240\" src=\"https:\/\/i2.wp.com\/umweltkids-bb.de\/wp-content\/uploads\/2019\/05\/IMG_0388-e1557162723550.jpg?ssl=1\"\/><\/figure><\/div><\/div><\/div><\/div>\n\n\n\n<p style=\"text-align:center\">Au\u00dferdem wurde M\u00fcll eingesammelt, Zaun aus \u00c4sten gebaut und Holz ges\u00e4gt. <\/p>\n\n\n\n<p style=\"text-align:center\">Zum Schluss haben wir gemeinsam Suppe und Donuts gegessen. <\/p>\n\n\n\n<p>Yannic von den Umweltkids<\/p>\n","protected":false},"excerpt":{"rendered":"<p>Wir haben mit der Schutzgemeinschaft Deutscher Wald gemeinsam am Samstag Staudenkn\u00f6terich, Staudenkn\u00f6terich und noch mehr Staudenkn\u00f6terich entfernt. Wir haben fast einen Container gef\u00fcllt. Au\u00dferdem wurde M\u00fcll eingesammelt, Zaun aus \u00c4sten gebaut und Holz ges\u00e4gt. Zum Schluss haben wir gemeinsam Suppe und Donuts gegessen. Yannic von den Umweltkids<\/p>\n","protected":false},"author":1,"featured_media":399,"comment_status":"closed","ping_status":"open","sticky":false,"template":"","format":"standard","meta":{"_jetpack_memberships_contains_paid_content":false,"footnotes":""},"categories":[2],"tags":[11,45,18,24,25,55,28,29,30],"class_list":["post-395","post","type-post","status-publish","format-standard","has-post-thumbnail","hentry","category-aktionen","tag-herthamoor","tag-hubertussee","tag-naturschutzturm","tag-schutzgemeinschaft-deutscher-wald","tag-sdw","tag-staudenknoeterich","tag-umweltaktion","tag-umweltkids","tag-umweltschutz"],"jetpack_featured_media_url":"https:\/\/i0.wp.com\/umweltkids-bb.de\/wp-content\/uploads\/2019\/05\/IMG_0385-e1557162762316.jpg?fit=320%2C240&ssl=1","jetpack_shortlink":"https:\/\/wp.me\/paIICq-6n","jetpack-related-posts":[],"jetpack_sharing_enabled":true,"_links":{"self":[{"href":"https:\/\/umweltkids-bb.de\/index.php?rest_route=\/wp\/v2\/posts\/395"}],"collection":[{"href":"https:\/\/umweltkids-bb.de\/index.php?rest_route=\/wp\/v2\/posts"}],"about":[{"href":"https:\/\/umweltkids-bb.de\/index.php?rest_route=\/wp\/v2\/types\/post"}],"author":[{"embeddable":true,"href":"https:\/\/umweltkids-bb.de\/index.php?rest_route=\/wp\/v2\/users\/1"}],"replies":[{"embeddable":true,"href":"https:\/\/umweltkids-bb.de\/index.php?rest_route=%2Fwp%2Fv2%2Fcomments&post=395"}],"version-history":[{"count":4,"href":"https:\/\/umweltkids-bb.de\/index.php?rest_route=\/wp\/v2\/posts\/395\/revisions"}],"predecessor-version":[{"id":403,"href":"https:\/\/umweltkids-bb.de\/index.php?rest_route=\/wp\/v2\/posts\/395\/revisions\/403"}],"wp:featuredmedia":[{"embeddable":true,"href":"https:\/\/umweltkids-bb.de\/index.php?rest_route=\/wp\/v2\/media\/399"}],"wp:attachment":[{"href":"https:\/\/umweltkids-bb.de\/index.php?rest_route=%2Fwp%2Fv2%2Fmedia&parent=395"}],"wp:term":[{"taxonomy":"category","embeddable":true,"href":"https:\/\/umweltkids-bb.de\/index.php?rest_route=%2Fwp%2Fv2%2Fcategories&post=395"},{"taxonomy":"post_tag","embeddable":true,"href":"https:\/\/umweltkids-bb.de\/index.php?rest_route=%2Fwp%2Fv2%2Ftags&post=395"}],"curies":[{"name":"wp","href":"https:\/\/api.w.org\/{rel}","templated":true}]}}