{"id":454,"date":"2019-05-26T15:52:12","date_gmt":"2019-05-26T15:52:12","guid":{"rendered":"https:\/\/umweltkids-bb.de\/?p=454"},"modified":"2019-05-27T16:35:50","modified_gmt":"2019-05-27T16:35:50","slug":"kleines-sommerfest","status":"publish","type":"post","link":"https:\/\/umweltkids-bb.de\/?p=454","title":{"rendered":"Kleines Sommerfest"},"content":{"rendered":"\n<p>Am 1. Juni ist unser letztes Treffen vor den Sommerferien. Wir haben vor, ein kleines Sommerfest zum Abschlu\u00df zu machen und laden alle Helfer dazu herzlichst ein.<br>Gemeinsam mit euch wollen wir noch einmal eine M\u00fcllsammelaktion machen und dann im Anschlu\u00df am <a href=\"https:\/\/naturschutzturm.de\/\">Naturschutzturm der SDW<\/a> den Grill anwerfen. <br>W\u00fcrstchen, Br\u00f6tchen, Ketschup, Senf und Brause besorgen wir, wenn ihr Salate, Kuchen oder \u00e4hnliches mitbringen m\u00f6chtet, w\u00fcrden wir uns freuen.<\/p>\n\n\n\n<p>Solltet ihr Fragen oder Anregungen haben, schreibt uns <br>umweltkids-bb@posteo.de<\/p>\n\n\n\n<figure class=\"wp-block-image\"><img data-recalc-dims=\"1\" loading=\"lazy\" decoding=\"async\" width=\"952\" height=\"623\" data-attachment-id=\"456\" data-permalink=\"https:\/\/umweltkids-bb.de\/?attachment_id=456\" data-orig-file=\"https:\/\/i0.wp.com\/umweltkids-bb.de\/wp-content\/uploads\/2019\/05\/SDW_Naturschutzturm.png?fit=952%2C623&amp;ssl=1\" data-orig-size=\"952,623\" data-comments-opened=\"0\" data-image-meta=\"{&quot;aperture&quot;:&quot;0&quot;,&quot;credit&quot;:&quot;&quot;,&quot;camera&quot;:&quot;&quot;,&quot;caption&quot;:&quot;&quot;,&quot;created_timestamp&quot;:&quot;0&quot;,&quot;copyright&quot;:&quot;&quot;,&quot;focal_length&quot;:&quot;0&quot;,&quot;iso&quot;:&quot;0&quot;,&quot;shutter_speed&quot;:&quot;0&quot;,&quot;title&quot;:&quot;&quot;,&quot;orientation&quot;:&quot;0&quot;}\" data-image-title=\"SDW_Naturschutzturm\" data-image-description=\"\" data-image-caption=\"\" data-medium-file=\"https:\/\/i0.wp.com\/umweltkids-bb.de\/wp-content\/uploads\/2019\/05\/SDW_Naturschutzturm.png?fit=300%2C196&amp;ssl=1\" data-large-file=\"https:\/\/i0.wp.com\/umweltkids-bb.de\/wp-content\/uploads\/2019\/05\/SDW_Naturschutzturm.png?fit=952%2C623&amp;ssl=1\" src=\"https:\/\/i0.wp.com\/umweltkids-bb.de\/wp-content\/uploads\/2019\/05\/SDW_Naturschutzturm.png?resize=952%2C623&#038;ssl=1\" alt=\"\" class=\"wp-image-456\" srcset=\"https:\/\/i0.wp.com\/umweltkids-bb.de\/wp-content\/uploads\/2019\/05\/SDW_Naturschutzturm.png?w=952&amp;ssl=1 952w, https:\/\/i0.wp.com\/umweltkids-bb.de\/wp-content\/uploads\/2019\/05\/SDW_Naturschutzturm.png?resize=300%2C196&amp;ssl=1 300w, https:\/\/i0.wp.com\/umweltkids-bb.de\/wp-content\/uploads\/2019\/05\/SDW_Naturschutzturm.png?resize=768%2C503&amp;ssl=1 768w\" sizes=\"(max-width: 952px) 100vw, 952px\" \/><\/figure>\n","protected":false},"excerpt":{"rendered":"<p>Am 1. Juni ist unser letztes Treffen vor den Sommerferien. Wir haben vor, ein kleines Sommerfest zum Abschlu\u00df zu machen und laden alle Helfer dazu herzlichst ein.Gemeinsam mit euch wollen wir noch einmal eine M\u00fcllsammelaktion machen und dann im Anschlu\u00df am Naturschutzturm der SDW den Grill anwerfen. W\u00fcrstchen, Br\u00f6tchen, Ketschup, Senf und Brause besorgen wir, [&hellip;]<\/p>\n","protected":false},"author":1,"featured_media":0,"comment_status":"closed","ping_status":"closed","sticky":false,"template":"","format":"standard","meta":{"_jetpack_memberships_contains_paid_content":false,"footnotes":""},"categories":[4],"tags":[],"class_list":["post-454","post","type-post","status-publish","format-standard","hentry","category-termine"],"jetpack_featured_media_url":"","jetpack_shortlink":"https:\/\/wp.me\/paIICq-7k","jetpack-related-posts":[],"jetpack_sharing_enabled":true,"_links":{"self":[{"href":"https:\/\/umweltkids-bb.de\/index.php?rest_route=\/wp\/v2\/posts\/454"}],"collection":[{"href":"https:\/\/umweltkids-bb.de\/index.php?rest_route=\/wp\/v2\/posts"}],"about":[{"href":"https:\/\/umweltkids-bb.de\/index.php?rest_route=\/wp\/v2\/types\/post"}],"author":[{"embeddable":true,"href":"https:\/\/umweltkids-bb.de\/index.php?rest_route=\/wp\/v2\/users\/1"}],"replies":[{"embeddable":true,"href":"https:\/\/umweltkids-bb.de\/index.php?rest_route=%2Fwp%2Fv2%2Fcomments&post=454"}],"version-history":[{"count":4,"href":"https:\/\/umweltkids-bb.de\/index.php?rest_route=\/wp\/v2\/posts\/454\/revisions"}],"predecessor-version":[{"id":459,"href":"https:\/\/umweltkids-bb.de\/index.php?rest_route=\/wp\/v2\/posts\/454\/revisions\/459"}],"wp:attachment":[{"href":"https:\/\/umweltkids-bb.de\/index.php?rest_route=%2Fwp%2Fv2%2Fmedia&parent=454"}],"wp:term":[{"taxonomy":"category","embeddable":true,"href":"https:\/\/umweltkids-bb.de\/index.php?rest_route=%2Fwp%2Fv2%2Fcategories&post=454"},{"taxonomy":"post_tag","embeddable":true,"href":"https:\/\/umweltkids-bb.de\/index.php?rest_route=%2Fwp%2Fv2%2Ftags&post=454"}],"curies":[{"name":"wp","href":"https:\/\/api.w.org\/{rel}","templated":true}]}}