{"id":46,"date":"2018-12-18T20:00:38","date_gmt":"2018-12-18T20:00:38","guid":{"rendered":"http:\/\/umweltkids-bb.de\/?p=46"},"modified":"2018-12-18T20:00:38","modified_gmt":"2018-12-18T20:00:38","slug":"treffen-mit-dem-buergermeister","status":"publish","type":"post","link":"https:\/\/umweltkids-bb.de\/?p=46","title":{"rendered":"Treffen mit dem B\u00fcrgermeister"},"content":{"rendered":"\n<p>Am Dienstag, den 18.12.2018, trafen wir uns mit dem B\u00fcrgermeister von Hohen-Neuendorf, Herrn Steffen Apelt. Dabei sprachen wir \u00fcber unsere Ideen und Pl\u00e4ne. Herr Apelt und Frau F\u00e4scher freuten sich \u00fcber unser Vorhaben und sagten uns ihre Unterst\u00fctzung zu.<br>Zum Start haben wir ein M\u00fcllr\u00e4um-Set vom B\u00fcrgermeister erhalten. <\/p>\n\n\n\n<p><a href=\"https:\/\/hohen-neuendorf.de\/de\/stadt-leben\/aktuelles\/jetzt-retten-kinder-die-welt-umweltkids-gegruendet\">Zum Beitrag &#8230;.<\/a><\/p>\n\n\n\n<p>Foto: <a href=\"https:\/\/hohen-neuendorf.de\/sites\/default\/files\/styles\/aktuelle_466px\/public\/umweltkids_berlin-brandenburg_starten_akutelles.jpg?itok=OZvLUjlR\">Stadt Hohen Neuendorf<\/a><\/p>\n\n\n\n<p><br><\/p>\n","protected":false},"excerpt":{"rendered":"<p>Am Dienstag, den 18.12.2018, trafen wir uns mit dem B\u00fcrgermeister von Hohen-Neuendorf, Herrn Steffen Apelt. Dabei sprachen wir \u00fcber unsere Ideen und Pl\u00e4ne. Herr Apelt und Frau F\u00e4scher freuten sich \u00fcber unser Vorhaben und sagten uns ihre Unterst\u00fctzung zu.Zum Start haben wir ein M\u00fcllr\u00e4um-Set vom B\u00fcrgermeister erhalten. Zum Beitrag &#8230;. Foto: Stadt Hohen Neuendorf<\/p>\n","protected":false},"author":1,"featured_media":86,"comment_status":"closed","ping_status":"open","sticky":false,"template":"","format":"standard","meta":{"_jetpack_memberships_contains_paid_content":false,"footnotes":""},"categories":[4],"tags":[7,12,27,29],"class_list":["post-46","post","type-post","status-publish","format-standard","has-post-thumbnail","hentry","category-termine","tag-buergermeister-apelt","tag-hohen-neuendorf","tag-umwelt","tag-umweltkids"],"jetpack_featured_media_url":"https:\/\/i0.wp.com\/umweltkids-bb.de\/wp-content\/uploads\/2018\/12\/umweltkids_berlin-brandenburg_starten_akutelles-e1546113056196-1.jpg?fit=514%2C362&ssl=1","jetpack_shortlink":"https:\/\/wp.me\/paIICq-K","jetpack-related-posts":[],"jetpack_sharing_enabled":true,"_links":{"self":[{"href":"https:\/\/umweltkids-bb.de\/index.php?rest_route=\/wp\/v2\/posts\/46"}],"collection":[{"href":"https:\/\/umweltkids-bb.de\/index.php?rest_route=\/wp\/v2\/posts"}],"about":[{"href":"https:\/\/umweltkids-bb.de\/index.php?rest_route=\/wp\/v2\/types\/post"}],"author":[{"embeddable":true,"href":"https:\/\/umweltkids-bb.de\/index.php?rest_route=\/wp\/v2\/users\/1"}],"replies":[{"embeddable":true,"href":"https:\/\/umweltkids-bb.de\/index.php?rest_route=%2Fwp%2Fv2%2Fcomments&post=46"}],"version-history":[{"count":0,"href":"https:\/\/umweltkids-bb.de\/index.php?rest_route=\/wp\/v2\/posts\/46\/revisions"}],"wp:featuredmedia":[{"embeddable":true,"href":"https:\/\/umweltkids-bb.de\/index.php?rest_route=\/wp\/v2\/media\/86"}],"wp:attachment":[{"href":"https:\/\/umweltkids-bb.de\/index.php?rest_route=%2Fwp%2Fv2%2Fmedia&parent=46"}],"wp:term":[{"taxonomy":"category","embeddable":true,"href":"https:\/\/umweltkids-bb.de\/index.php?rest_route=%2Fwp%2Fv2%2Fcategories&post=46"},{"taxonomy":"post_tag","embeddable":true,"href":"https:\/\/umweltkids-bb.de\/index.php?rest_route=%2Fwp%2Fv2%2Ftags&post=46"}],"curies":[{"name":"wp","href":"https:\/\/api.w.org\/{rel}","templated":true}]}}