{"id":480,"date":"2019-06-13T16:23:09","date_gmt":"2019-06-13T16:23:09","guid":{"rendered":"https:\/\/umweltkids-bb.de\/?p=480"},"modified":"2019-06-13T19:23:46","modified_gmt":"2019-06-13T19:23:46","slug":"7-treffen-und-unser-kleines-sommerfest","status":"publish","type":"post","link":"https:\/\/umweltkids-bb.de\/?p=480","title":{"rendered":"7. Treffen und unser kleines Sommerfest"},"content":{"rendered":"\n<p>Beim Treffen am 1. Juni sind wir in das Waldst\u00fcck Bergfelde M\u00fcll sammeln gegangen. Dort waren wir auch bei unserem ersten Treffen. Es lag weniger M\u00fcll, als erwartet, aber wir haben trotzdem noch etwas gefunden: Waserhahn, Einkaufstrolley, ganz viele Sektflaschen, eine Hose und weggeworfene Verpackungen. <\/p>\n\n\n\n<ul class=\"wp-block-gallery columns-3 is-cropped wp-block-gallery-1 is-layout-flex wp-block-gallery-is-layout-flex\"><li class=\"blocks-gallery-item\"><figure><img data-recalc-dims=\"1\" decoding=\"async\" data-attachment-id=\"487\" data-permalink=\"https:\/\/umweltkids-bb.de\/?attachment_id=487\" data-orig-file=\"https:\/\/i0.wp.com\/umweltkids-bb.de\/wp-content\/uploads\/2019\/06\/IMG_0570-e1560453469390.jpg?fit=240%2C320&amp;ssl=1\" data-orig-size=\"240,320\" data-comments-opened=\"0\" data-image-meta=\"{&quot;aperture&quot;:&quot;1.8&quot;,&quot;credit&quot;:&quot;&quot;,&quot;camera&quot;:&quot;iPhone 7&quot;,&quot;caption&quot;:&quot;&quot;,&quot;created_timestamp&quot;:&quot;1559384793&quot;,&quot;copyright&quot;:&quot;&quot;,&quot;focal_length&quot;:&quot;3.99&quot;,&quot;iso&quot;:&quot;20&quot;,&quot;shutter_speed&quot;:&quot;0.0016806722689076&quot;,&quot;title&quot;:&quot;&quot;,&quot;orientation&quot;:&quot;6&quot;}\" data-image-title=\"IMG_0570\" data-image-description=\"\" data-image-caption=\"\" data-medium-file=\"https:\/\/i0.wp.com\/umweltkids-bb.de\/wp-content\/uploads\/2019\/06\/IMG_0570-e1560453469390.jpg?fit=225%2C300&amp;ssl=1\" data-large-file=\"https:\/\/i0.wp.com\/umweltkids-bb.de\/wp-content\/uploads\/2019\/06\/IMG_0570-e1560453469390.jpg?fit=240%2C320&amp;ssl=1\" src=\"https:\/\/i0.wp.com\/umweltkids-bb.de\/wp-content\/uploads\/2019\/06\/IMG_0570-e1560452226361.jpg?ssl=1\" alt=\"\" data-id=\"487\" data-link=\"https:\/\/umweltkids-bb.de\/?attachment_id=487\" class=\"wp-image-487\"\/><\/figure><\/li><li class=\"blocks-gallery-item\"><figure><img data-recalc-dims=\"1\" decoding=\"async\" data-attachment-id=\"489\" data-permalink=\"https:\/\/umweltkids-bb.de\/?attachment_id=489\" data-orig-file=\"https:\/\/i0.wp.com\/umweltkids-bb.de\/wp-content\/uploads\/2019\/06\/IMG_0574-e1560453483266.jpg?fit=240%2C320&amp;ssl=1\" data-orig-size=\"240,320\" data-comments-opened=\"0\" data-image-meta=\"{&quot;aperture&quot;:&quot;1.8&quot;,&quot;credit&quot;:&quot;&quot;,&quot;camera&quot;:&quot;iPhone 7&quot;,&quot;caption&quot;:&quot;&quot;,&quot;created_timestamp&quot;:&quot;1559386781&quot;,&quot;copyright&quot;:&quot;&quot;,&quot;focal_length&quot;:&quot;3.99&quot;,&quot;iso&quot;:&quot;20&quot;,&quot;shutter_speed&quot;:&quot;0.00037593984962406&quot;,&quot;title&quot;:&quot;&quot;,&quot;orientation&quot;:&quot;6&quot;}\" data-image-title=\"IMG_0574\" data-image-description=\"\" data-image-caption=\"\" data-medium-file=\"https:\/\/i0.wp.com\/umweltkids-bb.de\/wp-content\/uploads\/2019\/06\/IMG_0574-e1560453483266.jpg?fit=225%2C300&amp;ssl=1\" data-large-file=\"https:\/\/i0.wp.com\/umweltkids-bb.de\/wp-content\/uploads\/2019\/06\/IMG_0574-e1560453483266.jpg?fit=240%2C320&amp;ssl=1\" src=\"https:\/\/i0.wp.com\/umweltkids-bb.de\/wp-content\/uploads\/2019\/06\/IMG_0574-e1560452825349.jpg?ssl=1\" alt=\"\" data-id=\"489\" data-link=\"https:\/\/umweltkids-bb.de\/?attachment_id=489\" class=\"wp-image-489\"\/><\/figure><\/li><li class=\"blocks-gallery-item\"><figure><img data-recalc-dims=\"1\" decoding=\"async\" data-attachment-id=\"485\" data-permalink=\"https:\/\/umweltkids-bb.de\/?attachment_id=485\" data-orig-file=\"https:\/\/i0.wp.com\/umweltkids-bb.de\/wp-content\/uploads\/2019\/06\/IMG_0573-e1560453498618.jpg?fit=240%2C320&amp;ssl=1\" data-orig-size=\"240,320\" data-comments-opened=\"0\" data-image-meta=\"{&quot;aperture&quot;:&quot;1.8&quot;,&quot;credit&quot;:&quot;&quot;,&quot;camera&quot;:&quot;iPhone 7&quot;,&quot;caption&quot;:&quot;&quot;,&quot;created_timestamp&quot;:&quot;1559386777&quot;,&quot;copyright&quot;:&quot;&quot;,&quot;focal_length&quot;:&quot;3.99&quot;,&quot;iso&quot;:&quot;20&quot;,&quot;shutter_speed&quot;:&quot;0.00041701417848207&quot;,&quot;title&quot;:&quot;&quot;,&quot;orientation&quot;:&quot;6&quot;}\" data-image-title=\"IMG_0573\" data-image-description=\"\" data-image-caption=\"\" data-medium-file=\"https:\/\/i0.wp.com\/umweltkids-bb.de\/wp-content\/uploads\/2019\/06\/IMG_0573-e1560453498618.jpg?fit=225%2C300&amp;ssl=1\" data-large-file=\"https:\/\/i0.wp.com\/umweltkids-bb.de\/wp-content\/uploads\/2019\/06\/IMG_0573-e1560453498618.jpg?fit=240%2C320&amp;ssl=1\" src=\"https:\/\/i0.wp.com\/umweltkids-bb.de\/wp-content\/uploads\/2019\/06\/IMG_0573-e1560452266626.jpg?ssl=1\" alt=\"\" data-id=\"485\" data-link=\"https:\/\/umweltkids-bb.de\/?attachment_id=485\" class=\"wp-image-485\"\/><\/figure><\/li><\/ul>\n\n\n\n<p> Nach dem Sammeln haben wir beim Naturschutzturm Bratw\u00fcrste gegrillt, Musik geh\u00f6rt und nach dem Essen haben wir Verstecke gespielt. Es war richtig cool!<\/p>\n\n\n\n<div class=\"wp-block-jetpack-tiled-gallery aligncenter is-style-rectangular\"><div class=\"tiled-gallery__gallery\"><div class=\"tiled-gallery__row\"><div class=\"tiled-gallery__col\"><figure class=\"tiled-gallery__item\"><img decoding=\"async\" data-attachment-id=\"484\" data-permalink=\"https:\/\/umweltkids-bb.de\/?attachment_id=484\" data-orig-file=\"https:\/\/i0.wp.com\/umweltkids-bb.de\/wp-content\/uploads\/2019\/06\/IMG_0576-e1560453521274.jpg?fit=240%2C320&amp;ssl=1\" data-orig-size=\"240,320\" data-comments-opened=\"0\" data-image-meta=\"{&quot;aperture&quot;:&quot;1.8&quot;,&quot;credit&quot;:&quot;&quot;,&quot;camera&quot;:&quot;iPhone 7&quot;,&quot;caption&quot;:&quot;&quot;,&quot;created_timestamp&quot;:&quot;1559390452&quot;,&quot;copyright&quot;:&quot;&quot;,&quot;focal_length&quot;:&quot;3.99&quot;,&quot;iso&quot;:&quot;32&quot;,&quot;shutter_speed&quot;:&quot;0.02&quot;,&quot;title&quot;:&quot;&quot;,&quot;orientation&quot;:&quot;6&quot;}\" data-image-title=\"IMG_0576\" data-image-description=\"\" data-image-caption=\"\" data-medium-file=\"https:\/\/i0.wp.com\/umweltkids-bb.de\/wp-content\/uploads\/2019\/06\/IMG_0576-e1560453521274.jpg?fit=225%2C300&amp;ssl=1\" data-large-file=\"https:\/\/i0.wp.com\/umweltkids-bb.de\/wp-content\/uploads\/2019\/06\/IMG_0576-e1560453521274.jpg?fit=240%2C320&amp;ssl=1\" data-attachment-id=\"484\" data-permalink=\"https:\/\/umweltkids-bb.de\/?attachment_id=484\" data-orig-file=\"https:\/\/i0.wp.com\/umweltkids-bb.de\/wp-content\/uploads\/2019\/06\/IMG_0576-e1560453521274.jpg?fit=240%2C320&amp;ssl=1\" data-orig-size=\"240,320\" data-comments-opened=\"0\" data-image-meta=\"{&quot;aperture&quot;:&quot;1.8&quot;,&quot;credit&quot;:&quot;&quot;,&quot;camera&quot;:&quot;iPhone 7&quot;,&quot;caption&quot;:&quot;&quot;,&quot;created_timestamp&quot;:&quot;1559390452&quot;,&quot;copyright&quot;:&quot;&quot;,&quot;focal_length&quot;:&quot;3.99&quot;,&quot;iso&quot;:&quot;32&quot;,&quot;shutter_speed&quot;:&quot;0.02&quot;,&quot;title&quot;:&quot;&quot;,&quot;orientation&quot;:&quot;6&quot;}\" data-image-title=\"IMG_0576\" data-image-description=\"\" data-image-caption=\"\" data-medium-file=\"https:\/\/i0.wp.com\/umweltkids-bb.de\/wp-content\/uploads\/2019\/06\/IMG_0576-e1560453521274.jpg?fit=225%2C300&amp;ssl=1\" data-large-file=\"https:\/\/i0.wp.com\/umweltkids-bb.de\/wp-content\/uploads\/2019\/06\/IMG_0576-e1560453521274.jpg?fit=240%2C320&amp;ssl=1\" srcset=\"https:\/\/i2.wp.com\/umweltkids-bb.de\/wp-content\/uploads\/2019\/06\/IMG_0576-e1560452292117.jpg?strip=info&#038;w=480&#038;ssl=1 480w\" alt=\"\" data-height=\"640\" data-id=\"484\" data-link=\"https:\/\/umweltkids-bb.de\/?attachment_id=484\" data-url=\"https:\/\/umweltkids-bb.de\/wp-content\/uploads\/2019\/06\/IMG_0576-e1560452292117.jpg\" data-width=\"480\" src=\"https:\/\/i2.wp.com\/umweltkids-bb.de\/wp-content\/uploads\/2019\/06\/IMG_0576-e1560452292117.jpg?ssl=1\"\/><\/figure><\/div><div class=\"tiled-gallery__col\"><figure class=\"tiled-gallery__item\"><img decoding=\"async\" data-attachment-id=\"483\" data-permalink=\"https:\/\/umweltkids-bb.de\/?attachment_id=483\" data-orig-file=\"https:\/\/i0.wp.com\/umweltkids-bb.de\/wp-content\/uploads\/2019\/06\/IMG_0581-e1560453536286.jpg?fit=240%2C320&amp;ssl=1\" data-orig-size=\"240,320\" data-comments-opened=\"0\" data-image-meta=\"{&quot;aperture&quot;:&quot;1.8&quot;,&quot;credit&quot;:&quot;&quot;,&quot;camera&quot;:&quot;iPhone 7&quot;,&quot;caption&quot;:&quot;&quot;,&quot;created_timestamp&quot;:&quot;1559390483&quot;,&quot;copyright&quot;:&quot;&quot;,&quot;focal_length&quot;:&quot;3.99&quot;,&quot;iso&quot;:&quot;20&quot;,&quot;shutter_speed&quot;:&quot;0.00060606060606061&quot;,&quot;title&quot;:&quot;&quot;,&quot;orientation&quot;:&quot;6&quot;}\" data-image-title=\"IMG_0581\" data-image-description=\"\" data-image-caption=\"\" data-medium-file=\"https:\/\/i0.wp.com\/umweltkids-bb.de\/wp-content\/uploads\/2019\/06\/IMG_0581-e1560453536286.jpg?fit=225%2C300&amp;ssl=1\" data-large-file=\"https:\/\/i0.wp.com\/umweltkids-bb.de\/wp-content\/uploads\/2019\/06\/IMG_0581-e1560453536286.jpg?fit=240%2C320&amp;ssl=1\" data-attachment-id=\"483\" data-permalink=\"https:\/\/umweltkids-bb.de\/?attachment_id=483\" data-orig-file=\"https:\/\/i0.wp.com\/umweltkids-bb.de\/wp-content\/uploads\/2019\/06\/IMG_0581-e1560453536286.jpg?fit=240%2C320&amp;ssl=1\" data-orig-size=\"240,320\" data-comments-opened=\"0\" data-image-meta=\"{&quot;aperture&quot;:&quot;1.8&quot;,&quot;credit&quot;:&quot;&quot;,&quot;camera&quot;:&quot;iPhone 7&quot;,&quot;caption&quot;:&quot;&quot;,&quot;created_timestamp&quot;:&quot;1559390483&quot;,&quot;copyright&quot;:&quot;&quot;,&quot;focal_length&quot;:&quot;3.99&quot;,&quot;iso&quot;:&quot;20&quot;,&quot;shutter_speed&quot;:&quot;0.00060606060606061&quot;,&quot;title&quot;:&quot;&quot;,&quot;orientation&quot;:&quot;6&quot;}\" data-image-title=\"IMG_0581\" data-image-description=\"\" data-image-caption=\"\" data-medium-file=\"https:\/\/i0.wp.com\/umweltkids-bb.de\/wp-content\/uploads\/2019\/06\/IMG_0581-e1560453536286.jpg?fit=225%2C300&amp;ssl=1\" data-large-file=\"https:\/\/i0.wp.com\/umweltkids-bb.de\/wp-content\/uploads\/2019\/06\/IMG_0581-e1560453536286.jpg?fit=240%2C320&amp;ssl=1\" srcset=\"https:\/\/i2.wp.com\/umweltkids-bb.de\/wp-content\/uploads\/2019\/06\/IMG_0581-e1560452315201.jpg?strip=info&#038;w=480&#038;ssl=1 480w\" alt=\"\" data-height=\"640\" data-id=\"483\" data-link=\"https:\/\/umweltkids-bb.de\/?attachment_id=483\" data-url=\"https:\/\/umweltkids-bb.de\/wp-content\/uploads\/2019\/06\/IMG_0581-e1560452315201.jpg\" data-width=\"480\" src=\"https:\/\/i2.wp.com\/umweltkids-bb.de\/wp-content\/uploads\/2019\/06\/IMG_0581-e1560452315201.jpg?ssl=1\"\/><\/figure><\/div><\/div><\/div><\/div>\n\n\n\n<p>Yannic von den Umweltkids<\/p>\n","protected":false},"excerpt":{"rendered":"<p>Beim Treffen am 1. Juni sind wir in das Waldst\u00fcck Bergfelde M\u00fcll sammeln gegangen. Dort waren wir auch bei unserem ersten Treffen. Es lag weniger M\u00fcll, als erwartet, aber wir haben trotzdem noch etwas gefunden: Waserhahn, Einkaufstrolley, ganz viele Sektflaschen, eine Hose und weggeworfene Verpackungen. Nach dem Sammeln haben wir beim Naturschutzturm Bratw\u00fcrste gegrillt, Musik [&hellip;]<\/p>\n","protected":false},"author":1,"featured_media":486,"comment_status":"closed","ping_status":"closed","sticky":false,"template":"","format":"standard","meta":{"_jetpack_memberships_contains_paid_content":false,"footnotes":""},"categories":[2],"tags":[35,36,16,27,28,29,30],"class_list":["post-480","post","type-post","status-publish","format-standard","has-post-thumbnail","hentry","category-aktionen","tag-aufraeumen","tag-entsorgen","tag-muell-sammeln","tag-umwelt","tag-umweltaktion","tag-umweltkids","tag-umweltschutz"],"jetpack_featured_media_url":"https:\/\/i0.wp.com\/umweltkids-bb.de\/wp-content\/uploads\/2019\/06\/IMG_0572-e1560453453777.jpg?fit=320%2C240&ssl=1","jetpack_shortlink":"https:\/\/wp.me\/paIICq-7K","jetpack-related-posts":[],"jetpack_sharing_enabled":true,"_links":{"self":[{"href":"https:\/\/umweltkids-bb.de\/index.php?rest_route=\/wp\/v2\/posts\/480"}],"collection":[{"href":"https:\/\/umweltkids-bb.de\/index.php?rest_route=\/wp\/v2\/posts"}],"about":[{"href":"https:\/\/umweltkids-bb.de\/index.php?rest_route=\/wp\/v2\/types\/post"}],"author":[{"embeddable":true,"href":"https:\/\/umweltkids-bb.de\/index.php?rest_route=\/wp\/v2\/users\/1"}],"replies":[{"embeddable":true,"href":"https:\/\/umweltkids-bb.de\/index.php?rest_route=%2Fwp%2Fv2%2Fcomments&post=480"}],"version-history":[{"count":6,"href":"https:\/\/umweltkids-bb.de\/index.php?rest_route=\/wp\/v2\/posts\/480\/revisions"}],"predecessor-version":[{"id":493,"href":"https:\/\/umweltkids-bb.de\/index.php?rest_route=\/wp\/v2\/posts\/480\/revisions\/493"}],"wp:featuredmedia":[{"embeddable":true,"href":"https:\/\/umweltkids-bb.de\/index.php?rest_route=\/wp\/v2\/media\/486"}],"wp:attachment":[{"href":"https:\/\/umweltkids-bb.de\/index.php?rest_route=%2Fwp%2Fv2%2Fmedia&parent=480"}],"wp:term":[{"taxonomy":"category","embeddable":true,"href":"https:\/\/umweltkids-bb.de\/index.php?rest_route=%2Fwp%2Fv2%2Fcategories&post=480"},{"taxonomy":"post_tag","embeddable":true,"href":"https:\/\/umweltkids-bb.de\/index.php?rest_route=%2Fwp%2Fv2%2Ftags&post=480"}],"curies":[{"name":"wp","href":"https:\/\/api.w.org\/{rel}","templated":true}]}}