{"id":495,"date":"2019-06-15T08:12:03","date_gmt":"2019-06-15T08:12:03","guid":{"rendered":"https:\/\/umweltkids-bb.de\/?p=495"},"modified":"2019-06-14T19:46:43","modified_gmt":"2019-06-14T19:46:43","slug":"umweltkids-beim-sommerfest-der-ughn","status":"publish","type":"post","link":"https:\/\/umweltkids-bb.de\/?p=495","title":{"rendered":"Umweltkids beim Sommerfest der UGHN"},"content":{"rendered":"\n<p>Wer noch nicht in den Ferien ist, sollte am  22. Juni 2019 von 12-17 Uhr zum <a href=\"https:\/\/hohen-neuendorf.de\/de\/stadt-leben\/veranstaltungskalender\/2-sommerfest-der-unternehmer-gemeinschaft-hohen-neuendorf\">Sommerfest am M\u00fcllheimer Platz<\/a> kommen. <\/p>\n\n\n\n<p>Wir haben einen Stand bekommen, um Umweltkids zu pr\u00e4sentieren. Wir werden leckeres Popcorn machen und werden f\u00fcr lustige Unterhaltung sorgen. <\/p>\n\n\n\n<p>Es gibt auch noch andere tolle St\u00e4nde. Kommt vorbei und habt Spa\u00df!<\/p>\n\n\n\n<p>Yannic von den Umweltkids<\/p>\n","protected":false},"excerpt":{"rendered":"<p>Wer noch nicht in den Ferien ist, sollte am 22. Juni 2019 von 12-17 Uhr zum Sommerfest am M\u00fcllheimer Platz kommen. Wir haben einen Stand bekommen, um Umweltkids zu pr\u00e4sentieren. Wir werden leckeres Popcorn machen und werden f\u00fcr lustige Unterhaltung sorgen. Es gibt auch noch andere tolle St\u00e4nde. Kommt vorbei und habt Spa\u00df! Yannic von [&hellip;]<\/p>\n","protected":false},"author":1,"featured_media":498,"comment_status":"closed","ping_status":"closed","sticky":false,"template":"","format":"standard","meta":{"_jetpack_memberships_contains_paid_content":false,"footnotes":""},"categories":[2],"tags":[12,72,69,71,70],"class_list":["post-495","post","type-post","status-publish","format-standard","has-post-thumbnail","hentry","category-aktionen","tag-hohen-neuendorf","tag-popcorn","tag-sommerfest","tag-ughn","tag-unternehmer-gemeinschaft-hohen-neuendorf-e-v"],"jetpack_featured_media_url":"https:\/\/i0.wp.com\/umweltkids-bb.de\/wp-content\/uploads\/2019\/06\/grass-3377576_1280-e1560541112449.jpg?fit=320%2C213&ssl=1","jetpack_shortlink":"https:\/\/wp.me\/paIICq-7Z","jetpack-related-posts":[],"jetpack_sharing_enabled":true,"_links":{"self":[{"href":"https:\/\/umweltkids-bb.de\/index.php?rest_route=\/wp\/v2\/posts\/495"}],"collection":[{"href":"https:\/\/umweltkids-bb.de\/index.php?rest_route=\/wp\/v2\/posts"}],"about":[{"href":"https:\/\/umweltkids-bb.de\/index.php?rest_route=\/wp\/v2\/types\/post"}],"author":[{"embeddable":true,"href":"https:\/\/umweltkids-bb.de\/index.php?rest_route=\/wp\/v2\/users\/1"}],"replies":[{"embeddable":true,"href":"https:\/\/umweltkids-bb.de\/index.php?rest_route=%2Fwp%2Fv2%2Fcomments&post=495"}],"version-history":[{"count":2,"href":"https:\/\/umweltkids-bb.de\/index.php?rest_route=\/wp\/v2\/posts\/495\/revisions"}],"predecessor-version":[{"id":499,"href":"https:\/\/umweltkids-bb.de\/index.php?rest_route=\/wp\/v2\/posts\/495\/revisions\/499"}],"wp:featuredmedia":[{"embeddable":true,"href":"https:\/\/umweltkids-bb.de\/index.php?rest_route=\/wp\/v2\/media\/498"}],"wp:attachment":[{"href":"https:\/\/umweltkids-bb.de\/index.php?rest_route=%2Fwp%2Fv2%2Fmedia&parent=495"}],"wp:term":[{"taxonomy":"category","embeddable":true,"href":"https:\/\/umweltkids-bb.de\/index.php?rest_route=%2Fwp%2Fv2%2Fcategories&post=495"},{"taxonomy":"post_tag","embeddable":true,"href":"https:\/\/umweltkids-bb.de\/index.php?rest_route=%2Fwp%2Fv2%2Ftags&post=495"}],"curies":[{"name":"wp","href":"https:\/\/api.w.org\/{rel}","templated":true}]}}