{"id":533,"date":"2019-09-16T17:14:16","date_gmt":"2019-09-16T17:14:16","guid":{"rendered":"https:\/\/umweltkids-bb.de\/?p=533"},"modified":"2019-09-16T17:14:21","modified_gmt":"2019-09-16T17:14:21","slug":"8-treffen","status":"publish","type":"post","link":"https:\/\/umweltkids-bb.de\/?p=533","title":{"rendered":"8. Treffen"},"content":{"rendered":"\n<p>Wir waren am 07. September wieder M\u00fcll sammmeln. <\/p>\n\n\n\n<p style=\"text-align:left\">Wir haben zum Beispiel verbrannte Kleidung, Absperrband, ein St\u00fcck Zaun, Luftpumpe, Gummistiefel und ganz viele Verpackungen eingesammelt. <\/p>\n\n\n\n<div class=\"wp-block-jetpack-tiled-gallery aligncenter is-style-square\"><div class=\"tiled-gallery__gallery\"><div class=\"tiled-gallery__row columns-3\"><div class=\"tiled-gallery__col\"><figure class=\"tiled-gallery__item\"><img decoding=\"async\" data-attachment-id=\"537\" data-permalink=\"https:\/\/umweltkids-bb.de\/?attachment_id=537\" data-orig-file=\"https:\/\/i0.wp.com\/umweltkids-bb.de\/wp-content\/uploads\/2019\/09\/IMG_1246-e1568653535771.jpg?fit=240%2C321&amp;ssl=1\" data-orig-size=\"240,321\" data-comments-opened=\"0\" data-image-meta=\"{&quot;aperture&quot;:&quot;1.8&quot;,&quot;credit&quot;:&quot;&quot;,&quot;camera&quot;:&quot;iPhone 7&quot;,&quot;caption&quot;:&quot;&quot;,&quot;created_timestamp&quot;:&quot;1567851913&quot;,&quot;copyright&quot;:&quot;&quot;,&quot;focal_length&quot;:&quot;3.99&quot;,&quot;iso&quot;:&quot;25&quot;,&quot;shutter_speed&quot;:&quot;0.01&quot;,&quot;title&quot;:&quot;&quot;,&quot;orientation&quot;:&quot;1&quot;}\" data-image-title=\"IMG_1246\" data-image-description=\"\" data-image-caption=\"\" data-medium-file=\"https:\/\/i0.wp.com\/umweltkids-bb.de\/wp-content\/uploads\/2019\/09\/IMG_1246-e1568653535771.jpg?fit=225%2C300&amp;ssl=1\" data-large-file=\"https:\/\/i0.wp.com\/umweltkids-bb.de\/wp-content\/uploads\/2019\/09\/IMG_1246-e1568653535771.jpg?fit=240%2C321&amp;ssl=1\" data-attachment-id=\"537\" data-permalink=\"https:\/\/umweltkids-bb.de\/?attachment_id=537\" data-orig-file=\"https:\/\/i0.wp.com\/umweltkids-bb.de\/wp-content\/uploads\/2019\/09\/IMG_1246-e1568653535771.jpg?fit=240%2C321&amp;ssl=1\" data-orig-size=\"240,321\" data-comments-opened=\"0\" data-image-meta=\"{&quot;aperture&quot;:&quot;1.8&quot;,&quot;credit&quot;:&quot;&quot;,&quot;camera&quot;:&quot;iPhone 7&quot;,&quot;caption&quot;:&quot;&quot;,&quot;created_timestamp&quot;:&quot;1567851913&quot;,&quot;copyright&quot;:&quot;&quot;,&quot;focal_length&quot;:&quot;3.99&quot;,&quot;iso&quot;:&quot;25&quot;,&quot;shutter_speed&quot;:&quot;0.01&quot;,&quot;title&quot;:&quot;&quot;,&quot;orientation&quot;:&quot;1&quot;}\" data-image-title=\"IMG_1246\" data-image-description=\"\" data-image-caption=\"\" data-medium-file=\"https:\/\/i0.wp.com\/umweltkids-bb.de\/wp-content\/uploads\/2019\/09\/IMG_1246-e1568653535771.jpg?fit=225%2C300&amp;ssl=1\" data-large-file=\"https:\/\/i0.wp.com\/umweltkids-bb.de\/wp-content\/uploads\/2019\/09\/IMG_1246-e1568653535771.jpg?fit=240%2C321&amp;ssl=1\" srcset=\"https:\/\/i0.wp.com\/umweltkids-bb.de\/wp-content\/uploads\/2019\/09\/IMG_1246-e1568653535771.jpg?resize=240%2C240&#038;strip=info&#038;ssl=1 240w\" alt=\"\" data-height=\"321\" data-id=\"537\" data-link=\"https:\/\/umweltkids-bb.de\/?attachment_id=537\" data-url=\"https:\/\/umweltkids-bb.de\/wp-content\/uploads\/2019\/09\/IMG_1246-e1568653535771.jpg\" data-width=\"240\" src=\"https:\/\/i0.wp.com\/umweltkids-bb.de\/wp-content\/uploads\/2019\/09\/IMG_1246-e1568653535771.jpg?ssl=1&amp;resize=240%2C240\"\/><\/figure><\/div><div class=\"tiled-gallery__col\"><figure class=\"tiled-gallery__item\"><img decoding=\"async\" data-attachment-id=\"536\" data-permalink=\"https:\/\/umweltkids-bb.de\/?attachment_id=536\" data-orig-file=\"https:\/\/i0.wp.com\/umweltkids-bb.de\/wp-content\/uploads\/2019\/09\/IMG_1248-e1568653560872.jpg?fit=300%2C225&amp;ssl=1\" data-orig-size=\"300,225\" data-comments-opened=\"0\" data-image-meta=\"{&quot;aperture&quot;:&quot;1.8&quot;,&quot;credit&quot;:&quot;&quot;,&quot;camera&quot;:&quot;iPhone 7&quot;,&quot;caption&quot;:&quot;&quot;,&quot;created_timestamp&quot;:&quot;1567852533&quot;,&quot;copyright&quot;:&quot;&quot;,&quot;focal_length&quot;:&quot;3.99&quot;,&quot;iso&quot;:&quot;40&quot;,&quot;shutter_speed&quot;:&quot;0.01&quot;,&quot;title&quot;:&quot;&quot;,&quot;orientation&quot;:&quot;1&quot;}\" data-image-title=\"IMG_1248\" data-image-description=\"\" data-image-caption=\"\" data-medium-file=\"https:\/\/i0.wp.com\/umweltkids-bb.de\/wp-content\/uploads\/2019\/09\/IMG_1248-e1568653560872.jpg?fit=300%2C225&amp;ssl=1\" data-large-file=\"https:\/\/i0.wp.com\/umweltkids-bb.de\/wp-content\/uploads\/2019\/09\/IMG_1248-e1568653560872.jpg?fit=300%2C225&amp;ssl=1\" data-attachment-id=\"536\" data-permalink=\"https:\/\/umweltkids-bb.de\/?attachment_id=536\" data-orig-file=\"https:\/\/i0.wp.com\/umweltkids-bb.de\/wp-content\/uploads\/2019\/09\/IMG_1248-e1568653560872.jpg?fit=300%2C225&amp;ssl=1\" data-orig-size=\"300,225\" data-comments-opened=\"0\" data-image-meta=\"{&quot;aperture&quot;:&quot;1.8&quot;,&quot;credit&quot;:&quot;&quot;,&quot;camera&quot;:&quot;iPhone 7&quot;,&quot;caption&quot;:&quot;&quot;,&quot;created_timestamp&quot;:&quot;1567852533&quot;,&quot;copyright&quot;:&quot;&quot;,&quot;focal_length&quot;:&quot;3.99&quot;,&quot;iso&quot;:&quot;40&quot;,&quot;shutter_speed&quot;:&quot;0.01&quot;,&quot;title&quot;:&quot;&quot;,&quot;orientation&quot;:&quot;1&quot;}\" data-image-title=\"IMG_1248\" data-image-description=\"\" data-image-caption=\"\" data-medium-file=\"https:\/\/i0.wp.com\/umweltkids-bb.de\/wp-content\/uploads\/2019\/09\/IMG_1248-e1568653560872.jpg?fit=300%2C225&amp;ssl=1\" data-large-file=\"https:\/\/i0.wp.com\/umweltkids-bb.de\/wp-content\/uploads\/2019\/09\/IMG_1248-e1568653560872.jpg?fit=300%2C225&amp;ssl=1\" srcset=\"https:\/\/i1.wp.com\/umweltkids-bb.de\/wp-content\/uploads\/2019\/09\/IMG_1248-e1568653560872.jpg?resize=225%2C225&#038;strip=info&#038;ssl=1 225w\" alt=\"\" data-height=\"225\" data-id=\"536\" data-link=\"https:\/\/umweltkids-bb.de\/?attachment_id=536\" data-url=\"https:\/\/umweltkids-bb.de\/wp-content\/uploads\/2019\/09\/IMG_1248-e1568653560872.jpg\" data-width=\"300\" src=\"https:\/\/i1.wp.com\/umweltkids-bb.de\/wp-content\/uploads\/2019\/09\/IMG_1248-e1568653560872.jpg?ssl=1&amp;resize=225%2C225\"\/><\/figure><\/div><div class=\"tiled-gallery__col\"><figure class=\"tiled-gallery__item\"><img decoding=\"async\" data-attachment-id=\"535\" data-permalink=\"https:\/\/umweltkids-bb.de\/?attachment_id=535\" data-orig-file=\"https:\/\/i0.wp.com\/umweltkids-bb.de\/wp-content\/uploads\/2019\/09\/IMG_1249-e1568653578842.jpg?fit=320%2C240&amp;ssl=1\" data-orig-size=\"320,240\" data-comments-opened=\"0\" data-image-meta=\"{&quot;aperture&quot;:&quot;1.8&quot;,&quot;credit&quot;:&quot;&quot;,&quot;camera&quot;:&quot;iPhone 7&quot;,&quot;caption&quot;:&quot;&quot;,&quot;created_timestamp&quot;:&quot;1567853920&quot;,&quot;copyright&quot;:&quot;&quot;,&quot;focal_length&quot;:&quot;3.99&quot;,&quot;iso&quot;:&quot;25&quot;,&quot;shutter_speed&quot;:&quot;0.02&quot;,&quot;title&quot;:&quot;&quot;,&quot;orientation&quot;:&quot;1&quot;}\" data-image-title=\"IMG_1249\" data-image-description=\"\" data-image-caption=\"\" data-medium-file=\"https:\/\/i0.wp.com\/umweltkids-bb.de\/wp-content\/uploads\/2019\/09\/IMG_1249-e1568653578842.jpg?fit=300%2C225&amp;ssl=1\" data-large-file=\"https:\/\/i0.wp.com\/umweltkids-bb.de\/wp-content\/uploads\/2019\/09\/IMG_1249-e1568653578842.jpg?fit=320%2C240&amp;ssl=1\" data-attachment-id=\"535\" data-permalink=\"https:\/\/umweltkids-bb.de\/?attachment_id=535\" data-orig-file=\"https:\/\/i0.wp.com\/umweltkids-bb.de\/wp-content\/uploads\/2019\/09\/IMG_1249-e1568653578842.jpg?fit=320%2C240&amp;ssl=1\" data-orig-size=\"320,240\" data-comments-opened=\"0\" data-image-meta=\"{&quot;aperture&quot;:&quot;1.8&quot;,&quot;credit&quot;:&quot;&quot;,&quot;camera&quot;:&quot;iPhone 7&quot;,&quot;caption&quot;:&quot;&quot;,&quot;created_timestamp&quot;:&quot;1567853920&quot;,&quot;copyright&quot;:&quot;&quot;,&quot;focal_length&quot;:&quot;3.99&quot;,&quot;iso&quot;:&quot;25&quot;,&quot;shutter_speed&quot;:&quot;0.02&quot;,&quot;title&quot;:&quot;&quot;,&quot;orientation&quot;:&quot;1&quot;}\" data-image-title=\"IMG_1249\" data-image-description=\"\" data-image-caption=\"\" data-medium-file=\"https:\/\/i0.wp.com\/umweltkids-bb.de\/wp-content\/uploads\/2019\/09\/IMG_1249-e1568653578842.jpg?fit=300%2C225&amp;ssl=1\" data-large-file=\"https:\/\/i0.wp.com\/umweltkids-bb.de\/wp-content\/uploads\/2019\/09\/IMG_1249-e1568653578842.jpg?fit=320%2C240&amp;ssl=1\" srcset=\"https:\/\/i0.wp.com\/umweltkids-bb.de\/wp-content\/uploads\/2019\/09\/IMG_1249-e1568653578842.jpg?resize=240%2C240&#038;strip=info&#038;ssl=1 240w\" alt=\"\" data-height=\"240\" data-id=\"535\" data-link=\"https:\/\/umweltkids-bb.de\/?attachment_id=535\" data-url=\"https:\/\/umweltkids-bb.de\/wp-content\/uploads\/2019\/09\/IMG_1249-e1568653578842.jpg\" data-width=\"320\" src=\"https:\/\/i0.wp.com\/umweltkids-bb.de\/wp-content\/uploads\/2019\/09\/IMG_1249-e1568653578842.jpg?ssl=1&amp;resize=240%2C240\"\/><\/figure><\/div><\/div><\/div><\/div>\n\n\n\n<p>Auf dem kleinen Waldst\u00fcck bei Rewe haben wir einen riesengro\u00dfen M\u00fcllsack gef\u00fcllt.<\/p>\n\n\n\n<div class=\"wp-block-image\"><figure class=\"aligncenter\"><img data-recalc-dims=\"1\" loading=\"lazy\" decoding=\"async\" width=\"240\" height=\"320\" data-attachment-id=\"538\" data-permalink=\"https:\/\/umweltkids-bb.de\/?attachment_id=538\" data-orig-file=\"https:\/\/i0.wp.com\/umweltkids-bb.de\/wp-content\/uploads\/2019\/09\/IMG_1252-e1568653468659.jpg?fit=240%2C320&amp;ssl=1\" data-orig-size=\"240,320\" data-comments-opened=\"0\" data-image-meta=\"{&quot;aperture&quot;:&quot;1.8&quot;,&quot;credit&quot;:&quot;&quot;,&quot;camera&quot;:&quot;iPhone 7&quot;,&quot;caption&quot;:&quot;&quot;,&quot;created_timestamp&quot;:&quot;1567853942&quot;,&quot;copyright&quot;:&quot;&quot;,&quot;focal_length&quot;:&quot;3.99&quot;,&quot;iso&quot;:&quot;40&quot;,&quot;shutter_speed&quot;:&quot;0.01&quot;,&quot;title&quot;:&quot;&quot;,&quot;orientation&quot;:&quot;6&quot;}\" data-image-title=\"IMG_1252\" data-image-description=\"\" data-image-caption=\"\" data-medium-file=\"https:\/\/i0.wp.com\/umweltkids-bb.de\/wp-content\/uploads\/2019\/09\/IMG_1252-e1568653468659.jpg?fit=225%2C300&amp;ssl=1\" data-large-file=\"https:\/\/i0.wp.com\/umweltkids-bb.de\/wp-content\/uploads\/2019\/09\/IMG_1252-e1568653468659.jpg?fit=240%2C320&amp;ssl=1\" src=\"https:\/\/i0.wp.com\/umweltkids-bb.de\/wp-content\/uploads\/2019\/09\/IMG_1252-e1568653468659.jpg?resize=240%2C320&#038;ssl=1\" alt=\"\" class=\"wp-image-538\"\/><\/figure><\/div>\n\n\n\n<p>                                                                                   <\/p>\n","protected":false},"excerpt":{"rendered":"<p>Wir waren am 07. September wieder M\u00fcll sammmeln. Wir haben zum Beispiel verbrannte Kleidung, Absperrband, ein St\u00fcck Zaun, Luftpumpe, Gummistiefel und ganz viele Verpackungen eingesammelt. Auf dem kleinen Waldst\u00fcck bei Rewe haben wir einen riesengro\u00dfen M\u00fcllsack gef\u00fcllt.<\/p>\n","protected":false},"author":1,"featured_media":539,"comment_status":"closed","ping_status":"closed","sticky":false,"template":"","format":"standard","meta":{"_jetpack_memberships_contains_paid_content":false,"footnotes":""},"categories":[2],"tags":[35,36,12,16,27,28,29],"class_list":["post-533","post","type-post","status-publish","format-standard","has-post-thumbnail","hentry","category-aktionen","tag-aufraeumen","tag-entsorgen","tag-hohen-neuendorf","tag-muell-sammeln","tag-umwelt","tag-umweltaktion","tag-umweltkids"],"jetpack_featured_media_url":"https:\/\/i0.wp.com\/umweltkids-bb.de\/wp-content\/uploads\/2019\/09\/IMG_1259-e1568653423449.jpg?fit=240%2C320&ssl=1","jetpack_shortlink":"https:\/\/wp.me\/paIICq-8B","jetpack-related-posts":[],"jetpack_sharing_enabled":true,"_links":{"self":[{"href":"https:\/\/umweltkids-bb.de\/index.php?rest_route=\/wp\/v2\/posts\/533"}],"collection":[{"href":"https:\/\/umweltkids-bb.de\/index.php?rest_route=\/wp\/v2\/posts"}],"about":[{"href":"https:\/\/umweltkids-bb.de\/index.php?rest_route=\/wp\/v2\/types\/post"}],"author":[{"embeddable":true,"href":"https:\/\/umweltkids-bb.de\/index.php?rest_route=\/wp\/v2\/users\/1"}],"replies":[{"embeddable":true,"href":"https:\/\/umweltkids-bb.de\/index.php?rest_route=%2Fwp%2Fv2%2Fcomments&post=533"}],"version-history":[{"count":3,"href":"https:\/\/umweltkids-bb.de\/index.php?rest_route=\/wp\/v2\/posts\/533\/revisions"}],"predecessor-version":[{"id":541,"href":"https:\/\/umweltkids-bb.de\/index.php?rest_route=\/wp\/v2\/posts\/533\/revisions\/541"}],"wp:featuredmedia":[{"embeddable":true,"href":"https:\/\/umweltkids-bb.de\/index.php?rest_route=\/wp\/v2\/media\/539"}],"wp:attachment":[{"href":"https:\/\/umweltkids-bb.de\/index.php?rest_route=%2Fwp%2Fv2%2Fmedia&parent=533"}],"wp:term":[{"taxonomy":"category","embeddable":true,"href":"https:\/\/umweltkids-bb.de\/index.php?rest_route=%2Fwp%2Fv2%2Fcategories&post=533"},{"taxonomy":"post_tag","embeddable":true,"href":"https:\/\/umweltkids-bb.de\/index.php?rest_route=%2Fwp%2Fv2%2Ftags&post=533"}],"curies":[{"name":"wp","href":"https:\/\/api.w.org\/{rel}","templated":true}]}}