{"id":553,"date":"2019-10-15T15:44:31","date_gmt":"2019-10-15T15:44:31","guid":{"rendered":"https:\/\/umweltkids-bb.de\/?p=553"},"modified":"2019-10-15T15:46:47","modified_gmt":"2019-10-15T15:46:47","slug":"9-treffen-in-der-niederheide","status":"publish","type":"post","link":"https:\/\/umweltkids-bb.de\/?p=553","title":{"rendered":"9. Treffen in der Niederheide"},"content":{"rendered":"\n<p>Am 5. Oktober waren wir in der Niederheide. Wir haben vier gro\u00dfe S\u00e4cke gef\u00fcllt. <\/p>\n\n\n\n<p>Eingesammelt haben wir Plastikrohre, Metallschienen, Fahrradm\u00e4ntel, Kanister, Kleidung und eine Menge Milcht\u00fctenschl\u00e4uche aus DDR-Zeiten. <\/p>\n\n\n\n<div class=\"wp-block-image\"><figure class=\"aligncenter\"><img data-recalc-dims=\"1\" loading=\"lazy\" decoding=\"async\" width=\"240\" height=\"320\" data-attachment-id=\"558\" data-permalink=\"https:\/\/umweltkids-bb.de\/?attachment_id=558\" data-orig-file=\"https:\/\/i0.wp.com\/umweltkids-bb.de\/wp-content\/uploads\/2019\/10\/IMG_1351-e1571153835231.jpg?fit=240%2C320&amp;ssl=1\" data-orig-size=\"240,320\" data-comments-opened=\"0\" data-image-meta=\"{&quot;aperture&quot;:&quot;1.8&quot;,&quot;credit&quot;:&quot;&quot;,&quot;camera&quot;:&quot;iPhone 7&quot;,&quot;caption&quot;:&quot;&quot;,&quot;created_timestamp&quot;:&quot;1570272457&quot;,&quot;copyright&quot;:&quot;&quot;,&quot;focal_length&quot;:&quot;3.99&quot;,&quot;iso&quot;:&quot;25&quot;,&quot;shutter_speed&quot;:&quot;0.02&quot;,&quot;title&quot;:&quot;&quot;,&quot;orientation&quot;:&quot;6&quot;}\" data-image-title=\"IMG_1351\" data-image-description=\"\" data-image-caption=\"\" data-medium-file=\"https:\/\/i0.wp.com\/umweltkids-bb.de\/wp-content\/uploads\/2019\/10\/IMG_1351-e1571153835231.jpg?fit=225%2C300&amp;ssl=1\" data-large-file=\"https:\/\/i0.wp.com\/umweltkids-bb.de\/wp-content\/uploads\/2019\/10\/IMG_1351-e1571153835231.jpg?fit=240%2C320&amp;ssl=1\" src=\"https:\/\/i0.wp.com\/umweltkids-bb.de\/wp-content\/uploads\/2019\/10\/IMG_1351-e1571153835231.jpg?resize=240%2C320&#038;ssl=1\" alt=\"\" class=\"wp-image-558\" srcset=\"https:\/\/i0.wp.com\/umweltkids-bb.de\/wp-content\/uploads\/2019\/10\/IMG_1351-e1571153835231.jpg?w=240&amp;ssl=1 240w, https:\/\/i0.wp.com\/umweltkids-bb.de\/wp-content\/uploads\/2019\/10\/IMG_1351-e1571153835231.jpg?resize=225%2C300&amp;ssl=1 225w\" sizes=\"(max-width: 240px) 100vw, 240px\" \/><\/figure><\/div>\n\n\n\n<p>In der Niederheide liegt noch eine Menge M\u00fcll, deshalb werden unsere n\u00e4chsten Treffen in der Niederheide sein.<\/p>\n\n\n\n<div class=\"wp-block-image\"><figure class=\"aligncenter\"><img data-recalc-dims=\"1\" loading=\"lazy\" decoding=\"async\" width=\"240\" height=\"320\" data-attachment-id=\"556\" data-permalink=\"https:\/\/umweltkids-bb.de\/?attachment_id=556\" data-orig-file=\"https:\/\/i0.wp.com\/umweltkids-bb.de\/wp-content\/uploads\/2019\/10\/IMG_1354-e1571153581715.jpg?fit=240%2C320&amp;ssl=1\" data-orig-size=\"240,320\" data-comments-opened=\"0\" data-image-meta=\"{&quot;aperture&quot;:&quot;1.8&quot;,&quot;credit&quot;:&quot;&quot;,&quot;camera&quot;:&quot;iPhone 7&quot;,&quot;caption&quot;:&quot;&quot;,&quot;created_timestamp&quot;:&quot;1570273568&quot;,&quot;copyright&quot;:&quot;&quot;,&quot;focal_length&quot;:&quot;3.99&quot;,&quot;iso&quot;:&quot;40&quot;,&quot;shutter_speed&quot;:&quot;0.01&quot;,&quot;title&quot;:&quot;&quot;,&quot;orientation&quot;:&quot;6&quot;}\" data-image-title=\"IMG_1354\" data-image-description=\"\" data-image-caption=\"\" data-medium-file=\"https:\/\/i0.wp.com\/umweltkids-bb.de\/wp-content\/uploads\/2019\/10\/IMG_1354-e1571153581715.jpg?fit=225%2C300&amp;ssl=1\" data-large-file=\"https:\/\/i0.wp.com\/umweltkids-bb.de\/wp-content\/uploads\/2019\/10\/IMG_1354-e1571153581715.jpg?fit=240%2C320&amp;ssl=1\" src=\"https:\/\/i0.wp.com\/umweltkids-bb.de\/wp-content\/uploads\/2019\/10\/IMG_1354-e1571153581715.jpg?resize=240%2C320&#038;ssl=1\" alt=\"\" class=\"wp-image-556\" srcset=\"https:\/\/i0.wp.com\/umweltkids-bb.de\/wp-content\/uploads\/2019\/10\/IMG_1354-e1571153581715.jpg?w=240&amp;ssl=1 240w, https:\/\/i0.wp.com\/umweltkids-bb.de\/wp-content\/uploads\/2019\/10\/IMG_1354-e1571153581715.jpg?resize=225%2C300&amp;ssl=1 225w\" sizes=\"(max-width: 240px) 100vw, 240px\" \/><\/figure><\/div>\n\n\n\n<p><\/p>\n","protected":false},"excerpt":{"rendered":"<p>Am 5. Oktober waren wir in der Niederheide. Wir haben vier gro\u00dfe S\u00e4cke gef\u00fcllt. Eingesammelt haben wir Plastikrohre, Metallschienen, Fahrradm\u00e4ntel, Kanister, Kleidung und eine Menge Milcht\u00fctenschl\u00e4uche aus DDR-Zeiten. In der Niederheide liegt noch eine Menge M\u00fcll, deshalb werden unsere n\u00e4chsten Treffen in der Niederheide sein.<\/p>\n","protected":false},"author":1,"featured_media":555,"comment_status":"closed","ping_status":"closed","sticky":false,"template":"","format":"standard","meta":{"_jetpack_memberships_contains_paid_content":false,"footnotes":""},"categories":[2],"tags":[35,36,12,16,73,27,28,29,30],"class_list":["post-553","post","type-post","status-publish","format-standard","has-post-thumbnail","hentry","category-aktionen","tag-aufraeumen","tag-entsorgen","tag-hohen-neuendorf","tag-muell-sammeln","tag-niederheide","tag-umwelt","tag-umweltaktion","tag-umweltkids","tag-umweltschutz"],"jetpack_featured_media_url":"https:\/\/i0.wp.com\/umweltkids-bb.de\/wp-content\/uploads\/2019\/10\/IMG_1355-e1571153514597.jpg?fit=240%2C320&ssl=1","jetpack_shortlink":"https:\/\/wp.me\/paIICq-8V","jetpack-related-posts":[],"jetpack_sharing_enabled":true,"_links":{"self":[{"href":"https:\/\/umweltkids-bb.de\/index.php?rest_route=\/wp\/v2\/posts\/553"}],"collection":[{"href":"https:\/\/umweltkids-bb.de\/index.php?rest_route=\/wp\/v2\/posts"}],"about":[{"href":"https:\/\/umweltkids-bb.de\/index.php?rest_route=\/wp\/v2\/types\/post"}],"author":[{"embeddable":true,"href":"https:\/\/umweltkids-bb.de\/index.php?rest_route=\/wp\/v2\/users\/1"}],"replies":[{"embeddable":true,"href":"https:\/\/umweltkids-bb.de\/index.php?rest_route=%2Fwp%2Fv2%2Fcomments&post=553"}],"version-history":[{"count":4,"href":"https:\/\/umweltkids-bb.de\/index.php?rest_route=\/wp\/v2\/posts\/553\/revisions"}],"predecessor-version":[{"id":562,"href":"https:\/\/umweltkids-bb.de\/index.php?rest_route=\/wp\/v2\/posts\/553\/revisions\/562"}],"wp:featuredmedia":[{"embeddable":true,"href":"https:\/\/umweltkids-bb.de\/index.php?rest_route=\/wp\/v2\/media\/555"}],"wp:attachment":[{"href":"https:\/\/umweltkids-bb.de\/index.php?rest_route=%2Fwp%2Fv2%2Fmedia&parent=553"}],"wp:term":[{"taxonomy":"category","embeddable":true,"href":"https:\/\/umweltkids-bb.de\/index.php?rest_route=%2Fwp%2Fv2%2Fcategories&post=553"},{"taxonomy":"post_tag","embeddable":true,"href":"https:\/\/umweltkids-bb.de\/index.php?rest_route=%2Fwp%2Fv2%2Ftags&post=553"}],"curies":[{"name":"wp","href":"https:\/\/api.w.org\/{rel}","templated":true}]}}