{"id":571,"date":"2019-10-28T18:37:27","date_gmt":"2019-10-28T18:37:27","guid":{"rendered":"https:\/\/umweltkids-bb.de\/?p=571"},"modified":"2019-10-28T18:37:33","modified_gmt":"2019-10-28T18:37:33","slug":"naechstes-treffen-am-7-dezember","status":"publish","type":"post","link":"https:\/\/umweltkids-bb.de\/?p=571","title":{"rendered":"N\u00e4chstes Treffen am 7. Dezember"},"content":{"rendered":"\n<p>Im November m\u00fcssen wir das M\u00fcll sammeln ausfallen lassen, da ich nicht in Hohen Neuendorf bin und auch f\u00fcr <a href=\"https:\/\/www.plant-for-the-planet.org\/de\/startseite\">Plant for the Planet<\/a> unterwegs bin.<\/p>\n\n\n\n<p>Das n\u00e4chste Treffen ist am 7. Dezember um 10 Uhr in der Niederheide.<\/p>\n\n\n\n<p>Yannic von den Umweltkids<\/p>\n\n\n\n<p><\/p>\n","protected":false},"excerpt":{"rendered":"<p>Im November m\u00fcssen wir das M\u00fcll sammeln ausfallen lassen, da ich nicht in Hohen Neuendorf bin und auch f\u00fcr Plant for the Planet unterwegs bin. Das n\u00e4chste Treffen ist am 7. Dezember um 10 Uhr in der Niederheide. Yannic von den Umweltkids<\/p>\n","protected":false},"author":1,"featured_media":254,"comment_status":"closed","ping_status":"closed","sticky":false,"template":"","format":"standard","meta":{"_jetpack_memberships_contains_paid_content":false,"footnotes":""},"categories":[4],"tags":[],"class_list":["post-571","post","type-post","status-publish","format-standard","has-post-thumbnail","hentry","category-termine"],"jetpack_featured_media_url":"https:\/\/i0.wp.com\/umweltkids-bb.de\/wp-content\/uploads\/2019\/02\/UBB1-e1550353421132.png?fit=200%2C200&ssl=1","jetpack_shortlink":"https:\/\/wp.me\/paIICq-9d","jetpack-related-posts":[],"jetpack_sharing_enabled":true,"_links":{"self":[{"href":"https:\/\/umweltkids-bb.de\/index.php?rest_route=\/wp\/v2\/posts\/571"}],"collection":[{"href":"https:\/\/umweltkids-bb.de\/index.php?rest_route=\/wp\/v2\/posts"}],"about":[{"href":"https:\/\/umweltkids-bb.de\/index.php?rest_route=\/wp\/v2\/types\/post"}],"author":[{"embeddable":true,"href":"https:\/\/umweltkids-bb.de\/index.php?rest_route=\/wp\/v2\/users\/1"}],"replies":[{"embeddable":true,"href":"https:\/\/umweltkids-bb.de\/index.php?rest_route=%2Fwp%2Fv2%2Fcomments&post=571"}],"version-history":[{"count":2,"href":"https:\/\/umweltkids-bb.de\/index.php?rest_route=\/wp\/v2\/posts\/571\/revisions"}],"predecessor-version":[{"id":574,"href":"https:\/\/umweltkids-bb.de\/index.php?rest_route=\/wp\/v2\/posts\/571\/revisions\/574"}],"wp:featuredmedia":[{"embeddable":true,"href":"https:\/\/umweltkids-bb.de\/index.php?rest_route=\/wp\/v2\/media\/254"}],"wp:attachment":[{"href":"https:\/\/umweltkids-bb.de\/index.php?rest_route=%2Fwp%2Fv2%2Fmedia&parent=571"}],"wp:term":[{"taxonomy":"category","embeddable":true,"href":"https:\/\/umweltkids-bb.de\/index.php?rest_route=%2Fwp%2Fv2%2Fcategories&post=571"},{"taxonomy":"post_tag","embeddable":true,"href":"https:\/\/umweltkids-bb.de\/index.php?rest_route=%2Fwp%2Fv2%2Ftags&post=571"}],"curies":[{"name":"wp","href":"https:\/\/api.w.org\/{rel}","templated":true}]}}