{"id":641,"date":"2020-01-03T16:22:26","date_gmt":"2020-01-03T16:22:26","guid":{"rendered":"https:\/\/umweltkids-bb.de\/?p=641"},"modified":"2020-01-03T16:28:21","modified_gmt":"2020-01-03T16:28:21","slug":"treffen-am-25-01-2020","status":"publish","type":"post","link":"https:\/\/umweltkids-bb.de\/?p=641","title":{"rendered":"Treffen am 25.01.2020"},"content":{"rendered":"\n<p>Dieses Mal werden wir uns wieder einer Umweltaktion anschlie\u00dfen: Der Landschaftspflege am Frauenpfuhl. <br>In den Nordbahn-Nachrichten vom 21.12.2019<br><a href=\"https:\/\/hohen-neuendorf.de\/de\/rathaus-politik\/nordbahnnachrichten\">https:\/\/hohen-neuendorf.de\/de\/rathaus-politik\/nordbahnnachrichten<\/a><br>wurde es angek\u00fcndigt.<br><br><strong>Treffpunkt ist 10:00 Uhr in der Flachslakestra\u00dfe in Bergfelde.<\/strong><br><br>Astscheren und Hands\u00e4gen sind nach M\u00f6glichkeit mitzubringen. <\/p>\n\n\n\n<p><br><\/p>\n","protected":false},"excerpt":{"rendered":"<p>Dieses Mal werden wir uns wieder einer Umweltaktion anschlie\u00dfen: Der Landschaftspflege am Frauenpfuhl. In den Nordbahn-Nachrichten vom 21.12.2019https:\/\/hohen-neuendorf.de\/de\/rathaus-politik\/nordbahnnachrichtenwurde es angek\u00fcndigt. Treffpunkt ist 10:00 Uhr in der Flachslakestra\u00dfe in Bergfelde. Astscheren und Hands\u00e4gen sind nach M\u00f6glichkeit mitzubringen.<\/p>\n","protected":false},"author":1,"featured_media":254,"comment_status":"closed","ping_status":"closed","sticky":false,"template":"","format":"standard","meta":{"_jetpack_memberships_contains_paid_content":false,"footnotes":""},"categories":[4],"tags":[5,12,38,28,30],"class_list":["post-641","post","type-post","status-publish","format-standard","has-post-thumbnail","hentry","category-termine","tag-bergfelde","tag-hohen-neuendorf","tag-naturschutz","tag-umweltaktion","tag-umweltschutz"],"jetpack_featured_media_url":"https:\/\/i0.wp.com\/umweltkids-bb.de\/wp-content\/uploads\/2019\/02\/UBB1-e1550353421132.png?fit=200%2C200&ssl=1","jetpack_shortlink":"https:\/\/wp.me\/paIICq-al","jetpack-related-posts":[],"jetpack_sharing_enabled":true,"_links":{"self":[{"href":"https:\/\/umweltkids-bb.de\/index.php?rest_route=\/wp\/v2\/posts\/641"}],"collection":[{"href":"https:\/\/umweltkids-bb.de\/index.php?rest_route=\/wp\/v2\/posts"}],"about":[{"href":"https:\/\/umweltkids-bb.de\/index.php?rest_route=\/wp\/v2\/types\/post"}],"author":[{"embeddable":true,"href":"https:\/\/umweltkids-bb.de\/index.php?rest_route=\/wp\/v2\/users\/1"}],"replies":[{"embeddable":true,"href":"https:\/\/umweltkids-bb.de\/index.php?rest_route=%2Fwp%2Fv2%2Fcomments&post=641"}],"version-history":[{"count":2,"href":"https:\/\/umweltkids-bb.de\/index.php?rest_route=\/wp\/v2\/posts\/641\/revisions"}],"predecessor-version":[{"id":647,"href":"https:\/\/umweltkids-bb.de\/index.php?rest_route=\/wp\/v2\/posts\/641\/revisions\/647"}],"wp:featuredmedia":[{"embeddable":true,"href":"https:\/\/umweltkids-bb.de\/index.php?rest_route=\/wp\/v2\/media\/254"}],"wp:attachment":[{"href":"https:\/\/umweltkids-bb.de\/index.php?rest_route=%2Fwp%2Fv2%2Fmedia&parent=641"}],"wp:term":[{"taxonomy":"category","embeddable":true,"href":"https:\/\/umweltkids-bb.de\/index.php?rest_route=%2Fwp%2Fv2%2Fcategories&post=641"},{"taxonomy":"post_tag","embeddable":true,"href":"https:\/\/umweltkids-bb.de\/index.php?rest_route=%2Fwp%2Fv2%2Ftags&post=641"}],"curies":[{"name":"wp","href":"https:\/\/api.w.org\/{rel}","templated":true}]}}