{"id":657,"date":"2020-02-04T08:57:04","date_gmt":"2020-02-04T08:57:04","guid":{"rendered":"https:\/\/umweltkids-bb.de\/?p=657"},"modified":"2020-02-04T08:57:04","modified_gmt":"2020-02-04T08:57:04","slug":"aktion-frauenpfuhl","status":"publish","type":"post","link":"https:\/\/umweltkids-bb.de\/?p=657","title":{"rendered":"Aktion Frauenpfuhl"},"content":{"rendered":"\n<p class=\"has-text-align-left\">Am Samstag den 25.01.2020 waren wir mit der Schutzgemeinschaft Deutscher Wald und der Stadt Hohen Neuendorf am Frauenpfuhl. Dort haben wir Totholz aus dem Pfuhl geholt und daraus eine Totholzhecke gelegt. <\/p>\n\n\n\n<p>Auch M\u00fcll wurde aus dem Pfuhl geholt. Zum Beispiel ein sehr alter Beiwagen Motorrad.<\/p>\n\n\n\n<div class=\"wp-block-image\"><figure class=\"aligncenter size-full\"><img data-recalc-dims=\"1\" loading=\"lazy\" decoding=\"async\" width=\"252\" height=\"336\" data-attachment-id=\"656\" data-permalink=\"https:\/\/umweltkids-bb.de\/?attachment_id=656\" data-orig-file=\"https:\/\/i0.wp.com\/umweltkids-bb.de\/wp-content\/uploads\/2020\/02\/IMG_1928-rotated-e1580804783510.jpg?fit=252%2C336&amp;ssl=1\" data-orig-size=\"252,336\" data-comments-opened=\"0\" data-image-meta=\"{&quot;aperture&quot;:&quot;1.8&quot;,&quot;credit&quot;:&quot;&quot;,&quot;camera&quot;:&quot;iPhone 7&quot;,&quot;caption&quot;:&quot;&quot;,&quot;created_timestamp&quot;:&quot;1579953749&quot;,&quot;copyright&quot;:&quot;&quot;,&quot;focal_length&quot;:&quot;3.99&quot;,&quot;iso&quot;:&quot;40&quot;,&quot;shutter_speed&quot;:&quot;0.03030303030303&quot;,&quot;title&quot;:&quot;&quot;,&quot;orientation&quot;:&quot;1&quot;}\" data-image-title=\"IMG_1928\" data-image-description=\"\" data-image-caption=\"\" data-medium-file=\"https:\/\/i0.wp.com\/umweltkids-bb.de\/wp-content\/uploads\/2020\/02\/IMG_1928-rotated-e1580804783510.jpg?fit=225%2C300&amp;ssl=1\" data-large-file=\"https:\/\/i0.wp.com\/umweltkids-bb.de\/wp-content\/uploads\/2020\/02\/IMG_1928-rotated-e1580804783510.jpg?fit=768%2C1024&amp;ssl=1\" src=\"https:\/\/i0.wp.com\/umweltkids-bb.de\/wp-content\/uploads\/2020\/02\/IMG_1928-rotated-e1580804783510.jpg?resize=252%2C336&#038;ssl=1\" alt=\"\" class=\"wp-image-656\"\/><\/figure><\/div>\n\n\n\n<p>Es hat wieder Spa\u00df gemacht und zur St\u00e4rkung gab es von der Stadt belegte Br\u00f6tchen und Suppe. <\/p>\n\n\n\n<figure class=\"wp-block-gallery columns-2 is-cropped wp-block-gallery-1 is-layout-flex wp-block-gallery-is-layout-flex\"><ul class=\"blocks-gallery-grid\"><li class=\"blocks-gallery-item\"><figure><img data-recalc-dims=\"1\" loading=\"lazy\" decoding=\"async\" width=\"1024\" height=\"767\" data-attachment-id=\"664\" data-permalink=\"https:\/\/umweltkids-bb.de\/?attachment_id=664\" data-orig-file=\"https:\/\/i0.wp.com\/umweltkids-bb.de\/wp-content\/uploads\/2020\/02\/IMG_1933-1-e1580806543490.jpg?fit=300%2C225&amp;ssl=1\" data-orig-size=\"300,225\" data-comments-opened=\"0\" data-image-meta=\"{&quot;aperture&quot;:&quot;1.8&quot;,&quot;credit&quot;:&quot;&quot;,&quot;camera&quot;:&quot;iPhone 7&quot;,&quot;caption&quot;:&quot;&quot;,&quot;created_timestamp&quot;:&quot;1579955356&quot;,&quot;copyright&quot;:&quot;&quot;,&quot;focal_length&quot;:&quot;3.99&quot;,&quot;iso&quot;:&quot;20&quot;,&quot;shutter_speed&quot;:&quot;0.0067114093959732&quot;,&quot;title&quot;:&quot;&quot;,&quot;orientation&quot;:&quot;1&quot;}\" data-image-title=\"IMG_1933-1\" data-image-description=\"\" data-image-caption=\"\" data-medium-file=\"https:\/\/i0.wp.com\/umweltkids-bb.de\/wp-content\/uploads\/2020\/02\/IMG_1933-1-e1580806543490.jpg?fit=300%2C225&amp;ssl=1\" data-large-file=\"https:\/\/i0.wp.com\/umweltkids-bb.de\/wp-content\/uploads\/2020\/02\/IMG_1933-1-e1580806543490.jpg?fit=1024%2C767&amp;ssl=1\" src=\"https:\/\/i0.wp.com\/umweltkids-bb.de\/wp-content\/uploads\/2020\/02\/IMG_1933-1.jpg?resize=1024%2C767&#038;ssl=1\" alt=\"\" data-id=\"664\" data-full-url=\"https:\/\/umweltkids-bb.de\/wp-content\/uploads\/2020\/02\/IMG_1933-1-e1580806543490.jpg\" data-link=\"https:\/\/umweltkids-bb.de\/?attachment_id=664\" class=\"wp-image-664\"\/><\/figure><\/li><li class=\"blocks-gallery-item\"><figure><img data-recalc-dims=\"1\" loading=\"lazy\" decoding=\"async\" width=\"1024\" height=\"768\" data-attachment-id=\"659\" data-permalink=\"https:\/\/umweltkids-bb.de\/?attachment_id=659\" data-orig-file=\"https:\/\/i0.wp.com\/umweltkids-bb.de\/wp-content\/uploads\/2020\/02\/IMG_1930-e1580805398185.jpg?fit=300%2C225&amp;ssl=1\" data-orig-size=\"300,225\" data-comments-opened=\"0\" data-image-meta=\"{&quot;aperture&quot;:&quot;1.8&quot;,&quot;credit&quot;:&quot;&quot;,&quot;camera&quot;:&quot;iPhone 7&quot;,&quot;caption&quot;:&quot;&quot;,&quot;created_timestamp&quot;:&quot;1579955267&quot;,&quot;copyright&quot;:&quot;&quot;,&quot;focal_length&quot;:&quot;3.99&quot;,&quot;iso&quot;:&quot;32&quot;,&quot;shutter_speed&quot;:&quot;0.01&quot;,&quot;title&quot;:&quot;&quot;,&quot;orientation&quot;:&quot;1&quot;}\" data-image-title=\"IMG_1930\" data-image-description=\"\" data-image-caption=\"\" data-medium-file=\"https:\/\/i0.wp.com\/umweltkids-bb.de\/wp-content\/uploads\/2020\/02\/IMG_1930-e1580805398185.jpg?fit=300%2C225&amp;ssl=1\" data-large-file=\"https:\/\/i0.wp.com\/umweltkids-bb.de\/wp-content\/uploads\/2020\/02\/IMG_1930-e1580805398185.jpg?fit=1024%2C768&amp;ssl=1\" src=\"https:\/\/i0.wp.com\/umweltkids-bb.de\/wp-content\/uploads\/2020\/02\/IMG_1930.jpg?resize=1024%2C768&#038;ssl=1\" alt=\"\" data-id=\"659\" data-full-url=\"https:\/\/umweltkids-bb.de\/wp-content\/uploads\/2020\/02\/IMG_1930-e1580805398185.jpg\" data-link=\"https:\/\/umweltkids-bb.de\/?attachment_id=659\" class=\"wp-image-659\"\/><\/figure><\/li><\/ul><\/figure>\n\n\n\n<p>Yannic von den Umweltkids<\/p>\n","protected":false},"excerpt":{"rendered":"<p>Am Samstag den 25.01.2020 waren wir mit der Schutzgemeinschaft Deutscher Wald und der Stadt Hohen Neuendorf am Frauenpfuhl. Dort haben wir Totholz aus dem Pfuhl geholt und daraus eine Totholzhecke gelegt. Auch M\u00fcll wurde aus dem Pfuhl geholt. Zum Beispiel ein sehr alter Beiwagen Motorrad. Es hat wieder Spa\u00df gemacht und zur St\u00e4rkung gab es [&hellip;]<\/p>\n","protected":false},"author":1,"featured_media":655,"comment_status":"closed","ping_status":"closed","sticky":false,"template":"","format":"standard","meta":{"_jetpack_memberships_contains_paid_content":false,"footnotes":""},"categories":[2],"tags":[5,76,12,38,24,28,37],"class_list":["post-657","post","type-post","status-publish","format-standard","has-post-thumbnail","hentry","category-aktionen","tag-bergfelde","tag-frauenpfuhl","tag-hohen-neuendorf","tag-naturschutz","tag-schutzgemeinschaft-deutscher-wald","tag-umweltaktion","tag-umweltschutz-naturschutz-hohen-neuendorf"],"jetpack_featured_media_url":"https:\/\/i0.wp.com\/umweltkids-bb.de\/wp-content\/uploads\/2020\/02\/IMG_1923-e1580804799702.jpg?fit=336%2C252&ssl=1","jetpack_shortlink":"https:\/\/wp.me\/paIICq-aB","jetpack-related-posts":[],"jetpack_sharing_enabled":true,"_links":{"self":[{"href":"https:\/\/umweltkids-bb.de\/index.php?rest_route=\/wp\/v2\/posts\/657"}],"collection":[{"href":"https:\/\/umweltkids-bb.de\/index.php?rest_route=\/wp\/v2\/posts"}],"about":[{"href":"https:\/\/umweltkids-bb.de\/index.php?rest_route=\/wp\/v2\/types\/post"}],"author":[{"embeddable":true,"href":"https:\/\/umweltkids-bb.de\/index.php?rest_route=\/wp\/v2\/users\/1"}],"replies":[{"embeddable":true,"href":"https:\/\/umweltkids-bb.de\/index.php?rest_route=%2Fwp%2Fv2%2Fcomments&post=657"}],"version-history":[{"count":5,"href":"https:\/\/umweltkids-bb.de\/index.php?rest_route=\/wp\/v2\/posts\/657\/revisions"}],"predecessor-version":[{"id":665,"href":"https:\/\/umweltkids-bb.de\/index.php?rest_route=\/wp\/v2\/posts\/657\/revisions\/665"}],"wp:featuredmedia":[{"embeddable":true,"href":"https:\/\/umweltkids-bb.de\/index.php?rest_route=\/wp\/v2\/media\/655"}],"wp:attachment":[{"href":"https:\/\/umweltkids-bb.de\/index.php?rest_route=%2Fwp%2Fv2%2Fmedia&parent=657"}],"wp:term":[{"taxonomy":"category","embeddable":true,"href":"https:\/\/umweltkids-bb.de\/index.php?rest_route=%2Fwp%2Fv2%2Fcategories&post=657"},{"taxonomy":"post_tag","embeddable":true,"href":"https:\/\/umweltkids-bb.de\/index.php?rest_route=%2Fwp%2Fv2%2Ftags&post=657"}],"curies":[{"name":"wp","href":"https:\/\/api.w.org\/{rel}","templated":true}]}}