{"id":726,"date":"2020-04-02T14:54:45","date_gmt":"2020-04-02T14:54:45","guid":{"rendered":"https:\/\/umweltkids-bb.de\/?p=726"},"modified":"2020-04-03T15:21:56","modified_gmt":"2020-04-03T15:21:56","slug":"muell-am-rotpfuhl","status":"publish","type":"post","link":"https:\/\/umweltkids-bb.de\/?p=726","title":{"rendered":"M\u00fcll am Rotpfuhl"},"content":{"rendered":"\n<p>Wir haben am Dienstag, 31.03. am Rotpfuhl sehr viel M\u00fcll entdeckt. Es sieht aus wie Party-M\u00fcll. Es lagen viele Pfandflaschen, Taschent\u00fccher, Chipst\u00fcten, Teelichter und Zigarettenkippen rum.<\/p>\n\n\n\n<div class=\"wp-block-image\"><figure class=\"aligncenter size-large\"><img data-recalc-dims=\"1\" loading=\"lazy\" decoding=\"async\" width=\"320\" height=\"240\" data-attachment-id=\"721\" data-permalink=\"https:\/\/umweltkids-bb.de\/?attachment_id=721\" data-orig-file=\"https:\/\/i0.wp.com\/umweltkids-bb.de\/wp-content\/uploads\/2020\/04\/IMG_2272-e1585838121174.jpg?fit=320%2C240&amp;ssl=1\" data-orig-size=\"320,240\" data-comments-opened=\"0\" data-image-meta=\"{&quot;aperture&quot;:&quot;1.8&quot;,&quot;credit&quot;:&quot;&quot;,&quot;camera&quot;:&quot;iPhone 7&quot;,&quot;caption&quot;:&quot;&quot;,&quot;created_timestamp&quot;:&quot;1585660597&quot;,&quot;copyright&quot;:&quot;&quot;,&quot;focal_length&quot;:&quot;3.99&quot;,&quot;iso&quot;:&quot;20&quot;,&quot;shutter_speed&quot;:&quot;0.0025773195876289&quot;,&quot;title&quot;:&quot;&quot;,&quot;orientation&quot;:&quot;1&quot;}\" data-image-title=\"IMG_2272\" data-image-description=\"\" data-image-caption=\"\" data-medium-file=\"https:\/\/i0.wp.com\/umweltkids-bb.de\/wp-content\/uploads\/2020\/04\/IMG_2272-e1585838121174.jpg?fit=300%2C225&amp;ssl=1\" data-large-file=\"https:\/\/i0.wp.com\/umweltkids-bb.de\/wp-content\/uploads\/2020\/04\/IMG_2272-e1585838121174.jpg?fit=320%2C240&amp;ssl=1\" src=\"https:\/\/i0.wp.com\/umweltkids-bb.de\/wp-content\/uploads\/2020\/04\/IMG_2272-e1585838121174.jpg?resize=320%2C240&#038;ssl=1\" alt=\"\" class=\"wp-image-721\"\/><figcaption>Der Platz am Dienstag<\/figcaption><\/figure><\/div>\n\n\n\n<p>Heute sind wir mit Handschuhen und M\u00fcllbeutel zum Aufr\u00e4umen an den Rotpfuhl, und es war schon ein flei\u00dfiger Helfer da. Er hat bereits vieles zusammen ger\u00e4umt. <\/p>\n\n\n\n<div class=\"wp-block-image\"><figure class=\"aligncenter size-large\"><img data-recalc-dims=\"1\" loading=\"lazy\" decoding=\"async\" width=\"240\" height=\"320\" data-attachment-id=\"722\" data-permalink=\"https:\/\/umweltkids-bb.de\/?attachment_id=722\" data-orig-file=\"https:\/\/i0.wp.com\/umweltkids-bb.de\/wp-content\/uploads\/2020\/04\/IMG_2345-rotated-e1585838101405.jpg?fit=240%2C320&amp;ssl=1\" data-orig-size=\"240,320\" data-comments-opened=\"0\" data-image-meta=\"{&quot;aperture&quot;:&quot;1.8&quot;,&quot;credit&quot;:&quot;&quot;,&quot;camera&quot;:&quot;iPhone 7&quot;,&quot;caption&quot;:&quot;&quot;,&quot;created_timestamp&quot;:&quot;1585836582&quot;,&quot;copyright&quot;:&quot;&quot;,&quot;focal_length&quot;:&quot;3.99&quot;,&quot;iso&quot;:&quot;20&quot;,&quot;shutter_speed&quot;:&quot;0.0040816326530612&quot;,&quot;title&quot;:&quot;&quot;,&quot;orientation&quot;:&quot;1&quot;}\" data-image-title=\"IMG_2345\" data-image-description=\"\" data-image-caption=\"&lt;p&gt;Das war der unbekannte Helfer.&lt;\/p&gt;\n\" data-medium-file=\"https:\/\/i0.wp.com\/umweltkids-bb.de\/wp-content\/uploads\/2020\/04\/IMG_2345-rotated-e1585838101405.jpg?fit=225%2C300&amp;ssl=1\" data-large-file=\"https:\/\/i0.wp.com\/umweltkids-bb.de\/wp-content\/uploads\/2020\/04\/IMG_2345-rotated-e1585838101405.jpg?fit=240%2C320&amp;ssl=1\" src=\"https:\/\/i0.wp.com\/umweltkids-bb.de\/wp-content\/uploads\/2020\/04\/IMG_2345-rotated-e1585838101405.jpg?resize=240%2C320&#038;ssl=1\" alt=\"\" class=\"wp-image-722\"\/><figcaption>Das war der unbekannte Helfer!<\/figcaption><\/figure><\/div>\n\n\n\n<p class=\"has-text-align-center\">Vielen Dank an den unbekannten Helfer!<\/p>\n\n\n\n<p class=\"has-text-align-center\">Mein Bruder und ich haben dann noch den restlichen M\u00fcll eingesammelt. &nbsp;<\/p>\n\n\n\n<div class=\"wp-block-image\"><figure class=\"aligncenter size-large\"><img data-recalc-dims=\"1\" loading=\"lazy\" decoding=\"async\" width=\"240\" height=\"320\" data-attachment-id=\"724\" data-permalink=\"https:\/\/umweltkids-bb.de\/?attachment_id=724\" data-orig-file=\"https:\/\/i0.wp.com\/umweltkids-bb.de\/wp-content\/uploads\/2020\/04\/IMG_2349-rotated-e1585838061829.jpg?fit=240%2C320&amp;ssl=1\" data-orig-size=\"240,320\" data-comments-opened=\"0\" data-image-meta=\"{&quot;aperture&quot;:&quot;1.8&quot;,&quot;credit&quot;:&quot;&quot;,&quot;camera&quot;:&quot;iPhone 7&quot;,&quot;caption&quot;:&quot;&quot;,&quot;created_timestamp&quot;:&quot;1585838012&quot;,&quot;copyright&quot;:&quot;&quot;,&quot;focal_length&quot;:&quot;3.99&quot;,&quot;iso&quot;:&quot;20&quot;,&quot;shutter_speed&quot;:&quot;0.0024038461538462&quot;,&quot;title&quot;:&quot;&quot;,&quot;orientation&quot;:&quot;1&quot;}\" data-image-title=\"IMG_2349\" data-image-description=\"\" data-image-caption=\"&lt;p&gt;Jetzt sieht es wieder sauber.&lt;\/p&gt;\n\" data-medium-file=\"https:\/\/i0.wp.com\/umweltkids-bb.de\/wp-content\/uploads\/2020\/04\/IMG_2349-rotated-e1585838061829.jpg?fit=225%2C300&amp;ssl=1\" data-large-file=\"https:\/\/i0.wp.com\/umweltkids-bb.de\/wp-content\/uploads\/2020\/04\/IMG_2349-rotated-e1585838061829.jpg?fit=240%2C320&amp;ssl=1\" src=\"https:\/\/i0.wp.com\/umweltkids-bb.de\/wp-content\/uploads\/2020\/04\/IMG_2349-rotated-e1585838061829.jpg?resize=240%2C320&#038;ssl=1\" alt=\"\" class=\"wp-image-724\"\/><figcaption>Jetzt ist der Platz wieder sauber.<\/figcaption><\/figure><\/div>\n\n\n\n<p> Yannic von den Umweltkids<\/p>\n","protected":false},"excerpt":{"rendered":"<p>Wir haben am Dienstag, 31.03. am Rotpfuhl sehr viel M\u00fcll entdeckt. Es sieht aus wie Party-M\u00fcll. Es lagen viele Pfandflaschen, Taschent\u00fccher, Chipst\u00fcten, Teelichter und Zigarettenkippen rum. Heute sind wir mit Handschuhen und M\u00fcllbeutel zum Aufr\u00e4umen an den Rotpfuhl, und es war schon ein flei\u00dfiger Helfer da. Er hat bereits vieles zusammen ger\u00e4umt. Vielen Dank an [&hellip;]<\/p>\n","protected":false},"author":1,"featured_media":725,"comment_status":"closed","ping_status":"closed","sticky":false,"template":"","format":"standard","meta":{"_jetpack_memberships_contains_paid_content":false,"footnotes":""},"categories":[2],"tags":[12,16,38,81,30],"class_list":["post-726","post","type-post","status-publish","format-standard","has-post-thumbnail","hentry","category-aktionen","tag-hohen-neuendorf","tag-muell-sammeln","tag-naturschutz","tag-rotpfuhl","tag-umweltschutz"],"jetpack_featured_media_url":"https:\/\/i0.wp.com\/umweltkids-bb.de\/wp-content\/uploads\/2020\/04\/IMG_2352-rotated-e1585838045637.jpg?fit=240%2C320&ssl=1","jetpack_shortlink":"https:\/\/wp.me\/paIICq-bI","jetpack-related-posts":[],"jetpack_sharing_enabled":true,"_links":{"self":[{"href":"https:\/\/umweltkids-bb.de\/index.php?rest_route=\/wp\/v2\/posts\/726"}],"collection":[{"href":"https:\/\/umweltkids-bb.de\/index.php?rest_route=\/wp\/v2\/posts"}],"about":[{"href":"https:\/\/umweltkids-bb.de\/index.php?rest_route=\/wp\/v2\/types\/post"}],"author":[{"embeddable":true,"href":"https:\/\/umweltkids-bb.de\/index.php?rest_route=\/wp\/v2\/users\/1"}],"replies":[{"embeddable":true,"href":"https:\/\/umweltkids-bb.de\/index.php?rest_route=%2Fwp%2Fv2%2Fcomments&post=726"}],"version-history":[{"count":4,"href":"https:\/\/umweltkids-bb.de\/index.php?rest_route=\/wp\/v2\/posts\/726\/revisions"}],"predecessor-version":[{"id":731,"href":"https:\/\/umweltkids-bb.de\/index.php?rest_route=\/wp\/v2\/posts\/726\/revisions\/731"}],"wp:featuredmedia":[{"embeddable":true,"href":"https:\/\/umweltkids-bb.de\/index.php?rest_route=\/wp\/v2\/media\/725"}],"wp:attachment":[{"href":"https:\/\/umweltkids-bb.de\/index.php?rest_route=%2Fwp%2Fv2%2Fmedia&parent=726"}],"wp:term":[{"taxonomy":"category","embeddable":true,"href":"https:\/\/umweltkids-bb.de\/index.php?rest_route=%2Fwp%2Fv2%2Fcategories&post=726"},{"taxonomy":"post_tag","embeddable":true,"href":"https:\/\/umweltkids-bb.de\/index.php?rest_route=%2Fwp%2Fv2%2Ftags&post=726"}],"curies":[{"name":"wp","href":"https:\/\/api.w.org\/{rel}","templated":true}]}}