{"id":763,"date":"2020-06-12T13:26:00","date_gmt":"2020-06-12T13:26:00","guid":{"rendered":"https:\/\/umweltkids-bb.de\/?p=763"},"modified":"2020-07-11T13:46:25","modified_gmt":"2020-07-11T13:46:25","slug":"muell-sammeln-in-der-coronazeit","status":"publish","type":"post","link":"https:\/\/umweltkids-bb.de\/?p=763","title":{"rendered":"M\u00fcll sammeln in der Coronazeit"},"content":{"rendered":"\n<p>W\u00e4hrend der Coronazeit sind wir zu viert, mit Abstand und mit unseren neuen Warnwesten M\u00fcll sammeln gewesen.<\/p>\n\n\n\n<div class=\"wp-block-image\"><figure class=\"aligncenter size-large\"><img data-recalc-dims=\"1\" loading=\"lazy\" decoding=\"async\" width=\"240\" height=\"320\" data-attachment-id=\"766\" data-permalink=\"https:\/\/umweltkids-bb.de\/?attachment_id=766\" data-orig-file=\"https:\/\/i0.wp.com\/umweltkids-bb.de\/wp-content\/uploads\/2020\/07\/IMG_2783-rotated-e1594474546184.jpg?fit=240%2C320&amp;ssl=1\" data-orig-size=\"240,320\" data-comments-opened=\"0\" data-image-meta=\"{&quot;aperture&quot;:&quot;1.8&quot;,&quot;credit&quot;:&quot;&quot;,&quot;camera&quot;:&quot;iPhone 7&quot;,&quot;caption&quot;:&quot;&quot;,&quot;created_timestamp&quot;:&quot;1594480757&quot;,&quot;copyright&quot;:&quot;&quot;,&quot;focal_length&quot;:&quot;3.99&quot;,&quot;iso&quot;:&quot;25&quot;,&quot;shutter_speed&quot;:&quot;0.03030303030303&quot;,&quot;title&quot;:&quot;&quot;,&quot;orientation&quot;:&quot;1&quot;}\" data-image-title=\"IMG_2783\" data-image-description=\"\" data-image-caption=\"\" data-medium-file=\"https:\/\/i0.wp.com\/umweltkids-bb.de\/wp-content\/uploads\/2020\/07\/IMG_2783-rotated-e1594474546184.jpg?fit=225%2C300&amp;ssl=1\" data-large-file=\"https:\/\/i0.wp.com\/umweltkids-bb.de\/wp-content\/uploads\/2020\/07\/IMG_2783-rotated-e1594474546184.jpg?fit=240%2C320&amp;ssl=1\" src=\"https:\/\/i0.wp.com\/umweltkids-bb.de\/wp-content\/uploads\/2020\/07\/IMG_2783-rotated-e1594474546184.jpg?resize=240%2C320&#038;ssl=1\" alt=\"\" class=\"wp-image-766\"\/><figcaption>Warnweste mit Umweltkids-Logo<\/figcaption><\/figure><\/div>\n\n\n\n<p>Die Warnwesten haben wir aus der gemeinsamen Spendenaktion mit der Unternehmer-Gemeinschaft Hohen Neuendorf (UGHN) bekommen.<\/p>\n\n\n\n<p>Wir konnten vier gro\u00dfe S\u00e4cke f\u00fcllen und aus dem Waldboden haben wir noch eine Menge PVC-Bodenbelag geholt.  <\/p>\n\n\n\n<div class=\"wp-block-image\"><figure class=\"aligncenter size-large\"><img data-recalc-dims=\"1\" loading=\"lazy\" decoding=\"async\" width=\"306\" height=\"230\" data-attachment-id=\"768\" data-permalink=\"https:\/\/umweltkids-bb.de\/?attachment_id=768\" data-orig-file=\"https:\/\/i0.wp.com\/umweltkids-bb.de\/wp-content\/uploads\/2020\/07\/PHOTO-2020-05-17-16-53-18-e1594474513250.jpg?fit=306%2C230&amp;ssl=1\" data-orig-size=\"306,230\" data-comments-opened=\"0\" data-image-meta=\"{&quot;aperture&quot;:&quot;0&quot;,&quot;credit&quot;:&quot;&quot;,&quot;camera&quot;:&quot;&quot;,&quot;caption&quot;:&quot;&quot;,&quot;created_timestamp&quot;:&quot;0&quot;,&quot;copyright&quot;:&quot;&quot;,&quot;focal_length&quot;:&quot;0&quot;,&quot;iso&quot;:&quot;0&quot;,&quot;shutter_speed&quot;:&quot;0&quot;,&quot;title&quot;:&quot;&quot;,&quot;orientation&quot;:&quot;0&quot;}\" data-image-title=\"PHOTO-2020-05-17-16-53-18\" data-image-description=\"\" data-image-caption=\"\" data-medium-file=\"https:\/\/i0.wp.com\/umweltkids-bb.de\/wp-content\/uploads\/2020\/07\/PHOTO-2020-05-17-16-53-18-e1594474513250.jpg?fit=300%2C225&amp;ssl=1\" data-large-file=\"https:\/\/i0.wp.com\/umweltkids-bb.de\/wp-content\/uploads\/2020\/07\/PHOTO-2020-05-17-16-53-18-e1594474513250.jpg?fit=306%2C230&amp;ssl=1\" src=\"https:\/\/i0.wp.com\/umweltkids-bb.de\/wp-content\/uploads\/2020\/07\/PHOTO-2020-05-17-16-53-18-e1594474513250.jpg?resize=306%2C230&#038;ssl=1\" alt=\"\" class=\"wp-image-768\"\/><\/figure><\/div>\n","protected":false},"excerpt":{"rendered":"<p>W\u00e4hrend der Coronazeit sind wir zu viert, mit Abstand und mit unseren neuen Warnwesten M\u00fcll sammeln gewesen. Die Warnwesten haben wir aus der gemeinsamen Spendenaktion mit der Unternehmer-Gemeinschaft Hohen Neuendorf (UGHN) bekommen. Wir konnten vier gro\u00dfe S\u00e4cke f\u00fcllen und aus dem Waldboden haben wir noch eine Menge PVC-Bodenbelag geholt.<\/p>\n","protected":false},"author":1,"featured_media":767,"comment_status":"closed","ping_status":"closed","sticky":false,"template":"","format":"standard","meta":{"_jetpack_memberships_contains_paid_content":false,"footnotes":""},"categories":[2],"tags":[12,16,38,29,30],"class_list":["post-763","post","type-post","status-publish","format-standard","has-post-thumbnail","hentry","category-aktionen","tag-hohen-neuendorf","tag-muell-sammeln","tag-naturschutz","tag-umweltkids","tag-umweltschutz"],"jetpack_featured_media_url":"https:\/\/i0.wp.com\/umweltkids-bb.de\/wp-content\/uploads\/2020\/07\/IMG_2377-e1594474529612.jpg?fit=320%2C240&ssl=1","jetpack_shortlink":"https:\/\/wp.me\/paIICq-cj","jetpack-related-posts":[],"jetpack_sharing_enabled":true,"_links":{"self":[{"href":"https:\/\/umweltkids-bb.de\/index.php?rest_route=\/wp\/v2\/posts\/763"}],"collection":[{"href":"https:\/\/umweltkids-bb.de\/index.php?rest_route=\/wp\/v2\/posts"}],"about":[{"href":"https:\/\/umweltkids-bb.de\/index.php?rest_route=\/wp\/v2\/types\/post"}],"author":[{"embeddable":true,"href":"https:\/\/umweltkids-bb.de\/index.php?rest_route=\/wp\/v2\/users\/1"}],"replies":[{"embeddable":true,"href":"https:\/\/umweltkids-bb.de\/index.php?rest_route=%2Fwp%2Fv2%2Fcomments&post=763"}],"version-history":[{"count":2,"href":"https:\/\/umweltkids-bb.de\/index.php?rest_route=\/wp\/v2\/posts\/763\/revisions"}],"predecessor-version":[{"id":769,"href":"https:\/\/umweltkids-bb.de\/index.php?rest_route=\/wp\/v2\/posts\/763\/revisions\/769"}],"wp:featuredmedia":[{"embeddable":true,"href":"https:\/\/umweltkids-bb.de\/index.php?rest_route=\/wp\/v2\/media\/767"}],"wp:attachment":[{"href":"https:\/\/umweltkids-bb.de\/index.php?rest_route=%2Fwp%2Fv2%2Fmedia&parent=763"}],"wp:term":[{"taxonomy":"category","embeddable":true,"href":"https:\/\/umweltkids-bb.de\/index.php?rest_route=%2Fwp%2Fv2%2Fcategories&post=763"},{"taxonomy":"post_tag","embeddable":true,"href":"https:\/\/umweltkids-bb.de\/index.php?rest_route=%2Fwp%2Fv2%2Ftags&post=763"}],"curies":[{"name":"wp","href":"https:\/\/api.w.org\/{rel}","templated":true}]}}