{"id":792,"date":"2020-09-06T08:08:31","date_gmt":"2020-09-06T08:08:31","guid":{"rendered":"https:\/\/umweltkids-bb.de\/?p=792"},"modified":"2020-09-10T17:12:24","modified_gmt":"2020-09-10T17:12:24","slug":"world-cleanup-day-am-19-09","status":"publish","type":"post","link":"https:\/\/umweltkids-bb.de\/?p=792","title":{"rendered":"World Cleanup Day am 19.09."},"content":{"rendered":"\n<p>Der <a href=\"https:\/\/www.worldcleanupday.de\/\">World Cleanup Day<\/a> ist ein weltweiter Aktionstag, an dem zahlreiche Menschen in 180 L\u00e4ndern die Umwelt von M\u00fcll befreien. Dieser Aktionstag findet j\u00e4hrlich am dritten Samstag im September statt. <\/p>\n\n\n\n<p>Dieses Jahr sind wir auch dabei! Es gibt zwei Treffpunkte. <\/p>\n\n\n\n<p>10 Uhr am 1. Mai Platz, Sch\u00f6nflie\u00dfer Stra\u00dfe (gegen\u00fcber von REWE), Hohen Neuendorf<\/p>\n\n\n\n<p>und um 12 Uhr Lehnitzstr.\/Heideplan, Bergfelde, dort erwartet euch Stephanie Sons-Reckmann <\/p>\n\n\n\n<p>Von dort aus starten wir in kleinen Gruppen zum M\u00fcll sammeln.<\/p>\n\n\n\n<figure class=\"wp-block-image size-large\"><img data-recalc-dims=\"1\" loading=\"lazy\" decoding=\"async\" width=\"724\" height=\"1024\" data-attachment-id=\"794\" data-permalink=\"https:\/\/umweltkids-bb.de\/?attachment_id=794\" data-orig-file=\"https:\/\/i0.wp.com\/umweltkids-bb.de\/wp-content\/uploads\/2020\/09\/World-Cleanup-Day-am-19.09.20-e1599378950811.jpg?fit=397%2C562&amp;ssl=1\" data-orig-size=\"397,562\" data-comments-opened=\"0\" data-image-meta=\"{&quot;aperture&quot;:&quot;0&quot;,&quot;credit&quot;:&quot;&quot;,&quot;camera&quot;:&quot;&quot;,&quot;caption&quot;:&quot;&quot;,&quot;created_timestamp&quot;:&quot;0&quot;,&quot;copyright&quot;:&quot;&quot;,&quot;focal_length&quot;:&quot;0&quot;,&quot;iso&quot;:&quot;0&quot;,&quot;shutter_speed&quot;:&quot;0&quot;,&quot;title&quot;:&quot;&quot;,&quot;orientation&quot;:&quot;1&quot;}\" data-image-title=\"World Cleanup Day am 19.09.20\" data-image-description=\"\" data-image-caption=\"\" data-medium-file=\"https:\/\/i0.wp.com\/umweltkids-bb.de\/wp-content\/uploads\/2020\/09\/World-Cleanup-Day-am-19.09.20-e1599378950811.jpg?fit=212%2C300&amp;ssl=1\" data-large-file=\"https:\/\/i0.wp.com\/umweltkids-bb.de\/wp-content\/uploads\/2020\/09\/World-Cleanup-Day-am-19.09.20-e1599378950811.jpg?fit=724%2C1024&amp;ssl=1\" src=\"https:\/\/i0.wp.com\/umweltkids-bb.de\/wp-content\/uploads\/2020\/09\/World-Cleanup-Day-am-19.09.20.jpg?resize=724%2C1024&#038;ssl=1\" alt=\"\" class=\"wp-image-794\"\/><\/figure>\n\n\n\n<p>Wir bitten immer noch die Regeln einzuhalten (mindestens 1,50 m Abstand.) Bitte bringt auch eure eigenen Handschuhe mit.<\/p>\n\n\n\n<p>Wir freuen uns \u00fcber jede Hilfe.<\/p>\n\n\n\n<div class=\"wp-block-file\"><a href=\"https:\/\/umweltkids-bb.de\/wp-content\/uploads\/2020\/09\/World-Cleanup-Day_Plakat.pdf\">World-Cleanup-Day_Plakat<\/a><a href=\"https:\/\/umweltkids-bb.de\/wp-content\/uploads\/2020\/09\/World-Cleanup-Day_Plakat.pdf\" class=\"wp-block-file__button\" download>Herunterladen<\/a><\/div>\n\n\n\n<p>Yannic von den Umweltkids<\/p>\n\n\n\n<p><\/p>\n","protected":false},"excerpt":{"rendered":"<p>Der World Cleanup Day ist ein weltweiter Aktionstag, an dem zahlreiche Menschen in 180 L\u00e4ndern die Umwelt von M\u00fcll befreien. Dieser Aktionstag findet j\u00e4hrlich am dritten Samstag im September statt. Dieses Jahr sind wir auch dabei! Es gibt zwei Treffpunkte. 10 Uhr am 1. Mai Platz, Sch\u00f6nflie\u00dfer Stra\u00dfe (gegen\u00fcber von REWE), Hohen Neuendorf und um [&hellip;]<\/p>\n","protected":false},"author":1,"featured_media":790,"comment_status":"closed","ping_status":"closed","sticky":false,"template":"","format":"standard","meta":{"_jetpack_memberships_contains_paid_content":false,"footnotes":""},"categories":[2,4],"tags":[12,16,38,28,30,82],"class_list":["post-792","post","type-post","status-publish","format-standard","has-post-thumbnail","hentry","category-aktionen","category-termine","tag-hohen-neuendorf","tag-muell-sammeln","tag-naturschutz","tag-umweltaktion","tag-umweltschutz","tag-world-cleanup-day"],"jetpack_featured_media_url":"https:\/\/i0.wp.com\/umweltkids-bb.de\/wp-content\/uploads\/2020\/09\/WDC_logo_DE_URL_DATE-e1599379645361.png?fit=240%2C163&ssl=1","jetpack_shortlink":"https:\/\/wp.me\/paIICq-cM","jetpack-related-posts":[],"jetpack_sharing_enabled":true,"_links":{"self":[{"href":"https:\/\/umweltkids-bb.de\/index.php?rest_route=\/wp\/v2\/posts\/792"}],"collection":[{"href":"https:\/\/umweltkids-bb.de\/index.php?rest_route=\/wp\/v2\/posts"}],"about":[{"href":"https:\/\/umweltkids-bb.de\/index.php?rest_route=\/wp\/v2\/types\/post"}],"author":[{"embeddable":true,"href":"https:\/\/umweltkids-bb.de\/index.php?rest_route=\/wp\/v2\/users\/1"}],"replies":[{"embeddable":true,"href":"https:\/\/umweltkids-bb.de\/index.php?rest_route=%2Fwp%2Fv2%2Fcomments&post=792"}],"version-history":[{"count":3,"href":"https:\/\/umweltkids-bb.de\/index.php?rest_route=\/wp\/v2\/posts\/792\/revisions"}],"predecessor-version":[{"id":804,"href":"https:\/\/umweltkids-bb.de\/index.php?rest_route=\/wp\/v2\/posts\/792\/revisions\/804"}],"wp:featuredmedia":[{"embeddable":true,"href":"https:\/\/umweltkids-bb.de\/index.php?rest_route=\/wp\/v2\/media\/790"}],"wp:attachment":[{"href":"https:\/\/umweltkids-bb.de\/index.php?rest_route=%2Fwp%2Fv2%2Fmedia&parent=792"}],"wp:term":[{"taxonomy":"category","embeddable":true,"href":"https:\/\/umweltkids-bb.de\/index.php?rest_route=%2Fwp%2Fv2%2Fcategories&post=792"},{"taxonomy":"post_tag","embeddable":true,"href":"https:\/\/umweltkids-bb.de\/index.php?rest_route=%2Fwp%2Fv2%2Ftags&post=792"}],"curies":[{"name":"wp","href":"https:\/\/api.w.org\/{rel}","templated":true}]}}