{"id":821,"date":"2020-09-28T15:08:34","date_gmt":"2020-09-28T15:08:34","guid":{"rendered":"https:\/\/umweltkids-bb.de\/?p=821"},"modified":"2020-10-15T13:59:26","modified_gmt":"2020-10-15T13:59:26","slug":"baumpflanzaktion-am-24-10-2020","status":"publish","type":"post","link":"https:\/\/umweltkids-bb.de\/?p=821","title":{"rendered":"Baumpflanzaktion am 24.10.2020"},"content":{"rendered":"\n<p id=\"block-ab45bdc7-160b-4d02-a752-ab2e0b69edc0\">Wir laden herzlich zur <strong>Baumpflanzaktion <\/strong>des&nbsp;<a href=\"https:\/\/www.ughn.de\/\">UGHN<\/a>&nbsp;und den Umweltkids Berlin Brandenburg <strong>am Samstag, den 24.10.2020 ab 9.00 Uhr<\/strong> ein!<\/p>\n\n\n\n<p id=\"block-0893b0a1-0a9a-4547-a097-7057f3654bd7\">Von dem Erl\u00f6s der <a href=\"https:\/\/umweltkids-bb.de\/?p=590\">Spendenaktion<\/a> im Dezember 2019 auf dem Adventsmarkt wollen wir Obstb\u00e4ume auf eine von der Stadt zur Verf\u00fcgung gestellten Fl\u00e4che pflanzen.<\/p>\n\n\n\n<p id=\"block-1b66a1ba-4328-4c2e-a778-485681f3ffc9\">Daf\u00fcr brauchen wir noch freiwillige Helfer. Wer beim Pflanzen tatkr\u00e4ftig mithelfen m\u00f6chte, meldet sich bitte unter: <a href=\"mailto:info@ughn.de\">info@ughn.de<\/a> oder <a href=\"mailto:umweltkids-bb@posteo.de\">umweltkids-bb@posteo.de<\/a> bis sp\u00e4testens 18.10.2020.<\/p>\n\n\n\n<p>Es k\u00f6nnen noch weitere 10 B\u00e4ume gepflanzt werden. Wer will kann also noch einen Baum spenden, dies bitte auch vorher anmelden.<\/p>\n\n\n\n<p id=\"block-b5da6501-4936-4b2c-81bb-6388d2519971\">Yannic von den Umweltkids<\/p>\n","protected":false},"excerpt":{"rendered":"<p>Wir laden herzlich zur Baumpflanzaktion des&nbsp;UGHN&nbsp;und den Umweltkids Berlin Brandenburg am Samstag, den 24.10.2020 ab 9.00 Uhr ein! Von dem Erl\u00f6s der Spendenaktion im Dezember 2019 auf dem Adventsmarkt wollen wir Obstb\u00e4ume auf eine von der Stadt zur Verf\u00fcgung gestellten Fl\u00e4che pflanzen. Daf\u00fcr brauchen wir noch freiwillige Helfer. Wer beim Pflanzen tatkr\u00e4ftig mithelfen m\u00f6chte, meldet [&hellip;]<\/p>\n","protected":false},"author":1,"featured_media":716,"comment_status":"closed","ping_status":"closed","sticky":false,"template":"","format":"standard","meta":{"_jetpack_memberships_contains_paid_content":false,"footnotes":""},"categories":[2,4],"tags":[79,75,12,38,80,71,70],"class_list":["post-821","post","type-post","status-publish","format-standard","has-post-thumbnail","hentry","category-aktionen","category-termine","tag-baeume","tag-baumpflanzaktion","tag-hohen-neuendorf","tag-naturschutz","tag-obstbaeume","tag-ughn","tag-unternehmer-gemeinschaft-hohen-neuendorf-e-v"],"jetpack_featured_media_url":"https:\/\/i0.wp.com\/umweltkids-bb.de\/wp-content\/uploads\/2020\/03\/orchard-1356971_640-e1583777882327.jpg?fit=420%2C236&ssl=1","jetpack_shortlink":"https:\/\/wp.me\/paIICq-df","jetpack-related-posts":[],"jetpack_sharing_enabled":true,"_links":{"self":[{"href":"https:\/\/umweltkids-bb.de\/index.php?rest_route=\/wp\/v2\/posts\/821"}],"collection":[{"href":"https:\/\/umweltkids-bb.de\/index.php?rest_route=\/wp\/v2\/posts"}],"about":[{"href":"https:\/\/umweltkids-bb.de\/index.php?rest_route=\/wp\/v2\/types\/post"}],"author":[{"embeddable":true,"href":"https:\/\/umweltkids-bb.de\/index.php?rest_route=\/wp\/v2\/users\/1"}],"replies":[{"embeddable":true,"href":"https:\/\/umweltkids-bb.de\/index.php?rest_route=%2Fwp%2Fv2%2Fcomments&post=821"}],"version-history":[{"count":2,"href":"https:\/\/umweltkids-bb.de\/index.php?rest_route=\/wp\/v2\/posts\/821\/revisions"}],"predecessor-version":[{"id":825,"href":"https:\/\/umweltkids-bb.de\/index.php?rest_route=\/wp\/v2\/posts\/821\/revisions\/825"}],"wp:featuredmedia":[{"embeddable":true,"href":"https:\/\/umweltkids-bb.de\/index.php?rest_route=\/wp\/v2\/media\/716"}],"wp:attachment":[{"href":"https:\/\/umweltkids-bb.de\/index.php?rest_route=%2Fwp%2Fv2%2Fmedia&parent=821"}],"wp:term":[{"taxonomy":"category","embeddable":true,"href":"https:\/\/umweltkids-bb.de\/index.php?rest_route=%2Fwp%2Fv2%2Fcategories&post=821"},{"taxonomy":"post_tag","embeddable":true,"href":"https:\/\/umweltkids-bb.de\/index.php?rest_route=%2Fwp%2Fv2%2Ftags&post=821"}],"curies":[{"name":"wp","href":"https:\/\/api.w.org\/{rel}","templated":true}]}}