{"id":913,"date":"2021-06-06T17:54:06","date_gmt":"2021-06-06T17:54:06","guid":{"rendered":"https:\/\/umweltkids-bb.de\/?p=913"},"modified":"2021-06-06T17:54:10","modified_gmt":"2021-06-06T17:54:10","slug":"wir-sind-wieder-am-start","status":"publish","type":"post","link":"https:\/\/umweltkids-bb.de\/?p=913","title":{"rendered":"Wir sind wieder am Start !!!"},"content":{"rendered":"\n<p>Wir machen am Samstag den 12. Juni 2021 um 14 Uhr eine kleine M\u00fcllsammelaktion.<\/p>\n\n\n\n<p>Treffpunkt ist wie immer der 1.Mai Platz gegen\u00fcber des REWE-Markts (Sch\u00f6nflie\u00dfer Stra\u00dfe)<\/p>\n\n\n\n<p>Bitte bringt eure eigenen Handschuhe mit.<\/p>\n\n\n\n<p>Danke und liebe Gr\u00fc\u00dfe Yannic von den Umweltkids.<\/p>\n","protected":false},"excerpt":{"rendered":"<p>Wir machen am Samstag den 12. Juni 2021 um 14 Uhr eine kleine M\u00fcllsammelaktion. Treffpunkt ist wie immer der 1.Mai Platz gegen\u00fcber des REWE-Markts (Sch\u00f6nflie\u00dfer Stra\u00dfe) Bitte bringt eure eigenen Handschuhe mit. Danke und liebe Gr\u00fc\u00dfe Yannic von den Umweltkids.<\/p>\n","protected":false},"author":1,"featured_media":555,"comment_status":"closed","ping_status":"closed","sticky":false,"template":"","format":"standard","meta":{"_jetpack_memberships_contains_paid_content":false,"footnotes":""},"categories":[4],"tags":[12,16,38,28,29,30],"class_list":["post-913","post","type-post","status-publish","format-standard","has-post-thumbnail","hentry","category-termine","tag-hohen-neuendorf","tag-muell-sammeln","tag-naturschutz","tag-umweltaktion","tag-umweltkids","tag-umweltschutz"],"jetpack_featured_media_url":"https:\/\/i0.wp.com\/umweltkids-bb.de\/wp-content\/uploads\/2019\/10\/IMG_1355-e1571153514597.jpg?fit=240%2C320&ssl=1","jetpack_shortlink":"https:\/\/wp.me\/paIICq-eJ","jetpack-related-posts":[],"jetpack_sharing_enabled":true,"_links":{"self":[{"href":"https:\/\/umweltkids-bb.de\/index.php?rest_route=\/wp\/v2\/posts\/913"}],"collection":[{"href":"https:\/\/umweltkids-bb.de\/index.php?rest_route=\/wp\/v2\/posts"}],"about":[{"href":"https:\/\/umweltkids-bb.de\/index.php?rest_route=\/wp\/v2\/types\/post"}],"author":[{"embeddable":true,"href":"https:\/\/umweltkids-bb.de\/index.php?rest_route=\/wp\/v2\/users\/1"}],"replies":[{"embeddable":true,"href":"https:\/\/umweltkids-bb.de\/index.php?rest_route=%2Fwp%2Fv2%2Fcomments&post=913"}],"version-history":[{"count":1,"href":"https:\/\/umweltkids-bb.de\/index.php?rest_route=\/wp\/v2\/posts\/913\/revisions"}],"predecessor-version":[{"id":914,"href":"https:\/\/umweltkids-bb.de\/index.php?rest_route=\/wp\/v2\/posts\/913\/revisions\/914"}],"wp:featuredmedia":[{"embeddable":true,"href":"https:\/\/umweltkids-bb.de\/index.php?rest_route=\/wp\/v2\/media\/555"}],"wp:attachment":[{"href":"https:\/\/umweltkids-bb.de\/index.php?rest_route=%2Fwp%2Fv2%2Fmedia&parent=913"}],"wp:term":[{"taxonomy":"category","embeddable":true,"href":"https:\/\/umweltkids-bb.de\/index.php?rest_route=%2Fwp%2Fv2%2Fcategories&post=913"},{"taxonomy":"post_tag","embeddable":true,"href":"https:\/\/umweltkids-bb.de\/index.php?rest_route=%2Fwp%2Fv2%2Ftags&post=913"}],"curies":[{"name":"wp","href":"https:\/\/api.w.org\/{rel}","templated":true}]}}