{"id":928,"date":"2021-09-24T08:06:15","date_gmt":"2021-09-24T08:06:15","guid":{"rendered":"https:\/\/umweltkids-bb.de\/?p=928"},"modified":"2021-09-24T08:06:18","modified_gmt":"2021-09-24T08:06:18","slug":"sommerfest-der-ughn","status":"publish","type":"post","link":"https:\/\/umweltkids-bb.de\/?p=928","title":{"rendered":"Sommerfest der UGHN"},"content":{"rendered":"\n<p>Wir waren auf dem Sommerfest der UGHN mit einem Stand vertreten.<\/p>\n\n\n\n<p>Wir haben zwei Upcycling-Bastelrojekte angeboten. Aus alten Konservendosen kannte man ein Bienenhotel bauen und Stiftehalter aus alten Milcht\u00fcten. <\/p>\n\n\n\n<div class=\"wp-block-group\"><div class=\"wp-block-group__inner-container is-layout-flow wp-block-group-is-layout-flow\">\n<div class=\"wp-block-columns is-layout-flex wp-container-core-columns-is-layout-1 wp-block-columns-is-layout-flex\">\n<div class=\"wp-block-column is-layout-flow wp-block-column-is-layout-flow\">\n<figure class=\"wp-block-image size-full\"><img data-recalc-dims=\"1\" loading=\"lazy\" decoding=\"async\" width=\"320\" height=\"240\" data-attachment-id=\"959\" data-permalink=\"https:\/\/umweltkids-bb.de\/?attachment_id=959\" data-orig-file=\"https:\/\/i0.wp.com\/umweltkids-bb.de\/wp-content\/uploads\/2021\/09\/IMG_4498-e1632469982736.jpg?fit=320%2C240&amp;ssl=1\" data-orig-size=\"320,240\" data-comments-opened=\"0\" data-image-meta=\"{&quot;aperture&quot;:&quot;1.8&quot;,&quot;credit&quot;:&quot;&quot;,&quot;camera&quot;:&quot;iPhone 7&quot;,&quot;caption&quot;:&quot;&quot;,&quot;created_timestamp&quot;:&quot;1630251420&quot;,&quot;copyright&quot;:&quot;&quot;,&quot;focal_length&quot;:&quot;3.99&quot;,&quot;iso&quot;:&quot;20&quot;,&quot;shutter_speed&quot;:&quot;0.0051813471502591&quot;,&quot;title&quot;:&quot;&quot;,&quot;orientation&quot;:&quot;1&quot;}\" data-image-title=\"IMG_4498\" data-image-description=\"\" data-image-caption=\"\" data-medium-file=\"https:\/\/i0.wp.com\/umweltkids-bb.de\/wp-content\/uploads\/2021\/09\/IMG_4498-e1632469982736.jpg?fit=300%2C225&amp;ssl=1\" data-large-file=\"https:\/\/i0.wp.com\/umweltkids-bb.de\/wp-content\/uploads\/2021\/09\/IMG_4498-e1632469982736.jpg?fit=320%2C240&amp;ssl=1\" src=\"https:\/\/i0.wp.com\/umweltkids-bb.de\/wp-content\/uploads\/2021\/09\/IMG_4498-e1632469982736.jpg?resize=320%2C240&#038;ssl=1\" alt=\"\" class=\"wp-image-959\"\/><\/figure>\n<\/div>\n\n\n\n<div class=\"wp-block-column is-layout-flow wp-block-column-is-layout-flow\">\n<figure class=\"wp-block-image size-full\"><img data-recalc-dims=\"1\" loading=\"lazy\" decoding=\"async\" width=\"240\" height=\"320\" data-attachment-id=\"960\" data-permalink=\"https:\/\/umweltkids-bb.de\/?attachment_id=960\" data-orig-file=\"https:\/\/i0.wp.com\/umweltkids-bb.de\/wp-content\/uploads\/2021\/09\/IMG_4467-rotated-e1632470071552.jpg?fit=240%2C320&amp;ssl=1\" data-orig-size=\"240,320\" data-comments-opened=\"0\" data-image-meta=\"{&quot;aperture&quot;:&quot;1.8&quot;,&quot;credit&quot;:&quot;&quot;,&quot;camera&quot;:&quot;iPhone 7&quot;,&quot;caption&quot;:&quot;&quot;,&quot;created_timestamp&quot;:&quot;1630148003&quot;,&quot;copyright&quot;:&quot;&quot;,&quot;focal_length&quot;:&quot;3.99&quot;,&quot;iso&quot;:&quot;80&quot;,&quot;shutter_speed&quot;:&quot;0.058823529411765&quot;,&quot;title&quot;:&quot;&quot;,&quot;orientation&quot;:&quot;1&quot;}\" data-image-title=\"IMG_4467\" data-image-description=\"\" data-image-caption=\"\" data-medium-file=\"https:\/\/i0.wp.com\/umweltkids-bb.de\/wp-content\/uploads\/2021\/09\/IMG_4467-rotated-e1632470071552.jpg?fit=225%2C300&amp;ssl=1\" data-large-file=\"https:\/\/i0.wp.com\/umweltkids-bb.de\/wp-content\/uploads\/2021\/09\/IMG_4467-rotated-e1632470071552.jpg?fit=240%2C320&amp;ssl=1\" src=\"https:\/\/i0.wp.com\/umweltkids-bb.de\/wp-content\/uploads\/2021\/09\/IMG_4467-rotated-e1632470071552.jpg?resize=240%2C320&#038;ssl=1\" alt=\"\" class=\"wp-image-960\"\/><\/figure>\n<\/div>\n<\/div>\n\n\n\n<div class=\"wp-block-columns is-layout-flex wp-container-core-columns-is-layout-2 wp-block-columns-is-layout-flex\">\n<div class=\"wp-block-column is-layout-flow wp-block-column-is-layout-flow\" style=\"flex-basis:100%\">\n<figure class=\"wp-block-image size-full\"><img data-recalc-dims=\"1\" loading=\"lazy\" decoding=\"async\" width=\"320\" height=\"240\" data-attachment-id=\"957\" data-permalink=\"https:\/\/umweltkids-bb.de\/?attachment_id=957\" data-orig-file=\"https:\/\/i0.wp.com\/umweltkids-bb.de\/wp-content\/uploads\/2021\/09\/IMG_4476-e1632469817266.jpg?fit=320%2C240&amp;ssl=1\" data-orig-size=\"320,240\" data-comments-opened=\"0\" data-image-meta=\"{&quot;aperture&quot;:&quot;1.8&quot;,&quot;credit&quot;:&quot;&quot;,&quot;camera&quot;:&quot;iPhone 7&quot;,&quot;caption&quot;:&quot;&quot;,&quot;created_timestamp&quot;:&quot;1630170014&quot;,&quot;copyright&quot;:&quot;&quot;,&quot;focal_length&quot;:&quot;3.99&quot;,&quot;iso&quot;:&quot;32&quot;,&quot;shutter_speed&quot;:&quot;0.01&quot;,&quot;title&quot;:&quot;&quot;,&quot;orientation&quot;:&quot;1&quot;}\" data-image-title=\"IMG_4476\" data-image-description=\"\" data-image-caption=\"\" data-medium-file=\"https:\/\/i0.wp.com\/umweltkids-bb.de\/wp-content\/uploads\/2021\/09\/IMG_4476-e1632469817266.jpg?fit=300%2C225&amp;ssl=1\" data-large-file=\"https:\/\/i0.wp.com\/umweltkids-bb.de\/wp-content\/uploads\/2021\/09\/IMG_4476-e1632469817266.jpg?fit=320%2C240&amp;ssl=1\" src=\"https:\/\/i0.wp.com\/umweltkids-bb.de\/wp-content\/uploads\/2021\/09\/IMG_4476-e1632469817266.jpg?resize=320%2C240&#038;ssl=1\" alt=\"\" class=\"wp-image-957\"\/><\/figure>\n<\/div>\n<\/div>\n<\/div><\/div>\n\n\n\n<p>Alle Konservendosen und Milcht\u00fcten wurden verbastelt und haben ein neues zu Hause bekommen.<\/p>\n\n\n\n<div class=\"wp-block-columns is-layout-flex wp-container-core-columns-is-layout-3 wp-block-columns-is-layout-flex\">\n<div class=\"wp-block-column is-layout-flow wp-block-column-is-layout-flow\">\n<figure class=\"wp-block-image size-full\"><img data-recalc-dims=\"1\" loading=\"lazy\" decoding=\"async\" width=\"320\" height=\"240\" data-attachment-id=\"955\" data-permalink=\"https:\/\/umweltkids-bb.de\/?attachment_id=955\" data-orig-file=\"https:\/\/i0.wp.com\/umweltkids-bb.de\/wp-content\/uploads\/2021\/09\/IMG_4471-e1632469739221.jpg?fit=320%2C240&amp;ssl=1\" data-orig-size=\"320,240\" data-comments-opened=\"0\" data-image-meta=\"{&quot;aperture&quot;:&quot;1.8&quot;,&quot;credit&quot;:&quot;&quot;,&quot;camera&quot;:&quot;iPhone 7&quot;,&quot;caption&quot;:&quot;&quot;,&quot;created_timestamp&quot;:&quot;1630162263&quot;,&quot;copyright&quot;:&quot;&quot;,&quot;focal_length&quot;:&quot;3.99&quot;,&quot;iso&quot;:&quot;20&quot;,&quot;shutter_speed&quot;:&quot;0.00077279752704791&quot;,&quot;title&quot;:&quot;&quot;,&quot;orientation&quot;:&quot;1&quot;}\" data-image-title=\"IMG_4471\" data-image-description=\"\" data-image-caption=\"\" data-medium-file=\"https:\/\/i0.wp.com\/umweltkids-bb.de\/wp-content\/uploads\/2021\/09\/IMG_4471-e1632469739221.jpg?fit=300%2C225&amp;ssl=1\" data-large-file=\"https:\/\/i0.wp.com\/umweltkids-bb.de\/wp-content\/uploads\/2021\/09\/IMG_4471-e1632469739221.jpg?fit=320%2C240&amp;ssl=1\" src=\"https:\/\/i0.wp.com\/umweltkids-bb.de\/wp-content\/uploads\/2021\/09\/IMG_4471-e1632469739221.jpg?resize=320%2C240&#038;ssl=1\" alt=\"\" class=\"wp-image-955\"\/><\/figure>\n<\/div>\n\n\n\n<div class=\"wp-block-column is-layout-flow wp-block-column-is-layout-flow\">\n<figure class=\"wp-block-image size-large\"><img data-recalc-dims=\"1\" loading=\"lazy\" decoding=\"async\" width=\"1024\" height=\"768\" data-attachment-id=\"953\" data-permalink=\"https:\/\/umweltkids-bb.de\/?attachment_id=953\" data-orig-file=\"https:\/\/i0.wp.com\/umweltkids-bb.de\/wp-content\/uploads\/2021\/09\/475828da-6247-49fb-8825-5b3770ea6030.jpg?fit=1824%2C1368&amp;ssl=1\" data-orig-size=\"1824,1368\" data-comments-opened=\"0\" data-image-meta=\"{&quot;aperture&quot;:&quot;0&quot;,&quot;credit&quot;:&quot;&quot;,&quot;camera&quot;:&quot;&quot;,&quot;caption&quot;:&quot;&quot;,&quot;created_timestamp&quot;:&quot;0&quot;,&quot;copyright&quot;:&quot;&quot;,&quot;focal_length&quot;:&quot;0&quot;,&quot;iso&quot;:&quot;0&quot;,&quot;shutter_speed&quot;:&quot;0&quot;,&quot;title&quot;:&quot;&quot;,&quot;orientation&quot;:&quot;0&quot;}\" data-image-title=\"475828da-6247-49fb-8825-5b3770ea6030\" data-image-description=\"\" data-image-caption=\"\" data-medium-file=\"https:\/\/i0.wp.com\/umweltkids-bb.de\/wp-content\/uploads\/2021\/09\/475828da-6247-49fb-8825-5b3770ea6030.jpg?fit=300%2C225&amp;ssl=1\" data-large-file=\"https:\/\/i0.wp.com\/umweltkids-bb.de\/wp-content\/uploads\/2021\/09\/475828da-6247-49fb-8825-5b3770ea6030.jpg?fit=1024%2C768&amp;ssl=1\" src=\"https:\/\/i0.wp.com\/umweltkids-bb.de\/wp-content\/uploads\/2021\/09\/475828da-6247-49fb-8825-5b3770ea6030.jpg?resize=1024%2C768&#038;ssl=1\" alt=\"\" class=\"wp-image-953\" srcset=\"https:\/\/i0.wp.com\/umweltkids-bb.de\/wp-content\/uploads\/2021\/09\/475828da-6247-49fb-8825-5b3770ea6030.jpg?resize=1024%2C768&amp;ssl=1 1024w, https:\/\/i0.wp.com\/umweltkids-bb.de\/wp-content\/uploads\/2021\/09\/475828da-6247-49fb-8825-5b3770ea6030.jpg?resize=300%2C225&amp;ssl=1 300w, https:\/\/i0.wp.com\/umweltkids-bb.de\/wp-content\/uploads\/2021\/09\/475828da-6247-49fb-8825-5b3770ea6030.jpg?resize=768%2C576&amp;ssl=1 768w, https:\/\/i0.wp.com\/umweltkids-bb.de\/wp-content\/uploads\/2021\/09\/475828da-6247-49fb-8825-5b3770ea6030.jpg?resize=1536%2C1152&amp;ssl=1 1536w, https:\/\/i0.wp.com\/umweltkids-bb.de\/wp-content\/uploads\/2021\/09\/475828da-6247-49fb-8825-5b3770ea6030.jpg?resize=1%2C1&amp;ssl=1 1w, https:\/\/i0.wp.com\/umweltkids-bb.de\/wp-content\/uploads\/2021\/09\/475828da-6247-49fb-8825-5b3770ea6030.jpg?w=1824&amp;ssl=1 1824w\" sizes=\"(max-width: 1000px) 100vw, 1000px\" \/><\/figure>\n<\/div>\n<\/div>\n\n\n\n<p>Es hat sehr viel Spa\u00df gemacht auf dem Fest.<\/p>\n\n\n\n<p>Liebe Gr\u00fc\u00dfe Yannic von den Umweltkids <\/p>\n","protected":false},"excerpt":{"rendered":"<p>Wir waren auf dem Sommerfest der UGHN mit einem Stand vertreten. Wir haben zwei Upcycling-Bastelrojekte angeboten. Aus alten Konservendosen kannte man ein Bienenhotel bauen und Stiftehalter aus alten Milcht\u00fcten. Alle Konservendosen und Milcht\u00fcten wurden verbastelt und haben ein neues zu Hause bekommen. Es hat sehr viel Spa\u00df gemacht auf dem Fest. Liebe Gr\u00fc\u00dfe Yannic von [&hellip;]<\/p>\n","protected":false},"author":1,"featured_media":952,"comment_status":"closed","ping_status":"closed","sticky":false,"template":"","format":"standard","meta":{"_jetpack_memberships_contains_paid_content":false,"footnotes":""},"categories":[4],"tags":[12,69,71,29,70,96],"class_list":["post-928","post","type-post","status-publish","format-standard","has-post-thumbnail","hentry","category-termine","tag-hohen-neuendorf","tag-sommerfest","tag-ughn","tag-umweltkids","tag-unternehmer-gemeinschaft-hohen-neuendorf-e-v","tag-upcycling"],"jetpack_featured_media_url":"https:\/\/i0.wp.com\/umweltkids-bb.de\/wp-content\/uploads\/2021\/09\/2c999d62-6203-4005-827e-3051cf7c0751-e1632469682563.jpg?fit=456%2C342&ssl=1","jetpack_shortlink":"https:\/\/wp.me\/paIICq-eY","jetpack-related-posts":[],"jetpack_sharing_enabled":true,"_links":{"self":[{"href":"https:\/\/umweltkids-bb.de\/index.php?rest_route=\/wp\/v2\/posts\/928"}],"collection":[{"href":"https:\/\/umweltkids-bb.de\/index.php?rest_route=\/wp\/v2\/posts"}],"about":[{"href":"https:\/\/umweltkids-bb.de\/index.php?rest_route=\/wp\/v2\/types\/post"}],"author":[{"embeddable":true,"href":"https:\/\/umweltkids-bb.de\/index.php?rest_route=\/wp\/v2\/users\/1"}],"replies":[{"embeddable":true,"href":"https:\/\/umweltkids-bb.de\/index.php?rest_route=%2Fwp%2Fv2%2Fcomments&post=928"}],"version-history":[{"count":2,"href":"https:\/\/umweltkids-bb.de\/index.php?rest_route=\/wp\/v2\/posts\/928\/revisions"}],"predecessor-version":[{"id":961,"href":"https:\/\/umweltkids-bb.de\/index.php?rest_route=\/wp\/v2\/posts\/928\/revisions\/961"}],"wp:featuredmedia":[{"embeddable":true,"href":"https:\/\/umweltkids-bb.de\/index.php?rest_route=\/wp\/v2\/media\/952"}],"wp:attachment":[{"href":"https:\/\/umweltkids-bb.de\/index.php?rest_route=%2Fwp%2Fv2%2Fmedia&parent=928"}],"wp:term":[{"taxonomy":"category","embeddable":true,"href":"https:\/\/umweltkids-bb.de\/index.php?rest_route=%2Fwp%2Fv2%2Fcategories&post=928"},{"taxonomy":"post_tag","embeddable":true,"href":"https:\/\/umweltkids-bb.de\/index.php?rest_route=%2Fwp%2Fv2%2Ftags&post=928"}],"curies":[{"name":"wp","href":"https:\/\/api.w.org\/{rel}","templated":true}]}}